{"id":39957,"date":"2021-11-27T18:15:12","date_gmt":"2021-11-27T21:15:12","guid":{"rendered":"http:\/\/www.centraldenoticias.com.ar\/?p=39957"},"modified":"2021-11-27T18:15:12","modified_gmt":"2021-11-27T21:15:12","slug":"gaston-sarachu-dejara-la-cnrt-tras-asumir-como-concejal","status":"publish","type":"post","link":"https:\/\/cdnoticias.com\/index.php\/2021\/11\/27\/gaston-sarachu-dejara-la-cnrt-tras-asumir-como-concejal\/","title":{"rendered":"Gast\u00f3n Sarachu dejar\u00e1 la CNRT tras asumir como concejal"},"content":{"rendered":"<p>Lo confirm\u00f3 en las \u00faltimas horas, mientras que realiz\u00f3 un balance positivo del trabajo de la Subdelegaci\u00f3n, siendo el primer funcionario en ocupar el cargo desde su creaci\u00f3n.\u00a0<!--more--><\/p>\n<hr \/>\n<p>Tras <strong>obtener una banca luego de integrar la lista del Frente de Todos en las Legislativas del pasado 14 de noviembre, Gast\u00f3n Sarachu dejar\u00e1 de ser subdelegado de la CNRT y asumir\u00e1 como concejal en diciembre.<\/strong><\/p>\n<p>&nbsp;<\/p>\n<blockquote><p>Se\u00f1al\u00f3 que la noticia fue informada al titular de la CNRT, Jos\u00e9 Arteaga, en su visita a la ciudad de los \u00faltimos d\u00edas.<\/p><\/blockquote>\n<p>&nbsp;<\/p>\n<p>En di\u00e1logo con Radio Olavarr\u00eda, el concejal electo dijo que<em> \u201caprovechando la visita de Jos\u00e9 comuniqu\u00e9 que asumir\u00e9 mi banca y no seguir\u00e9 en mi funci\u00f3n en el organismo\u201d.<\/em> Se mostr\u00f3 con <strong><em>\u201csentimientos encontrados\u00a0 (fue el primer funcionario de la oficina en la ciudad), pero representar\u00e9 a los vecinos en el Concejo Deliberante que era el objetivo. Se form\u00f3 un gran equipo en la CNRT y sea quien sea que me reemplace lo har\u00e1 de muy buena forma\u201d.<\/em><\/strong><\/p>\n<p>&nbsp;<\/p>\n<blockquote class=\"twitter-tweet\">\n<p dir=\"ltr\" lang=\"es\">En <a href=\"https:\/\/twitter.com\/hashtag\/OLAVARR%C3%8DA?src=hash&amp;ref_src=twsrc%5Etfw\">#OLAVARR\u00cdA<\/a> junto al delegado <a href=\"https:\/\/twitter.com\/G_Sarachu?ref_src=twsrc%5Etfw\">@g_sarachu<\/a> y <a href=\"https:\/\/twitter.com\/sanchezemma_?ref_src=twsrc%5Etfw\">@sanchezemma_<\/a> nuestro director <a href=\"https:\/\/twitter.com\/joserarteaga?ref_src=twsrc%5Etfw\">@joserarteaga<\/a> mantuvo una reuni\u00f3n sobre la estrategia de control en la regi\u00f3n y cierre de la planificaci\u00f3n del Operativo Verano 2022. <a href=\"https:\/\/twitter.com\/AlexisGuerrera?ref_src=twsrc%5Etfw\">@alexisguerrera<\/a> <a href=\"https:\/\/twitter.com\/MindeTransporte?ref_src=twsrc%5Etfw\">@mindetransporte<\/a><a href=\"https:\/\/twitter.com\/hashtag\/ControlDelTransporte?src=hash&amp;ref_src=twsrc%5Etfw\">#ControlDelTransporte<\/a> <a href=\"https:\/\/t.co\/9HVeMaFkEX\">pic.twitter.com\/9HVeMaFkEX<\/a><\/p>\n<p>\u2014 CNRT (@InfoCNRT) <a href=\"https:\/\/twitter.com\/InfoCNRT\/status\/1464391017910575109?ref_src=twsrc%5Etfw\">November 27, 2021<\/a><\/p><\/blockquote>\n<p><script async src=\"https:\/\/platform.twitter.com\/widgets.js\" charset=\"utf-8\"><\/script><br \/>\nSe\u00f1al\u00f3, en paralelo, que <strong>hubo un balance \u201cmuy positivo\u201d de la entidad de la cual fue el primer funcionario desde su creaci\u00f3n<\/strong>, y que la presencia de Arteaga adem\u00e1s<em> \u201cfue para comenzar a diagramar controles para una temporada de verano que se espera con mucho movimiento en las rutas\u201d.<\/em> Tambi\u00e9n se hizo un balance del importante movimiento del fin de semana largo.<\/p>\n<p>&nbsp;<\/p>\n<p><em>\u201cDesde el 1 de diciembre se reforzar\u00e1n los controles en micros por el verano, y tambi\u00e9n en los viajes de egresados que salgan de Olavarr\u00eda o contingentes que salgan de la Provincia.<strong> Esa tranquilidad que le damos a las familias es incalculable<\/strong>\u201d<\/em> cerr\u00f3.<\/p>\n","protected":false},"excerpt":{"rendered":"<p>Lo confirm\u00f3 en las \u00faltimas horas, mientras que realiz\u00f3 un balance positivo del trabajo de la Subdelegaci\u00f3n, siendo el primer<\/p>\n","protected":false},"author":2,"featured_media":35289,"comment_status":"closed","ping_status":"closed","sticky":false,"template":"","format":"standard","meta":{"_jetpack_memberships_contains_paid_content":false,"footnotes":""},"categories":[4,1],"tags":[],"class_list":["post-39957","post","type-post","status-publish","format-standard","has-post-thumbnail","hentry","category-politica","category-portada"],"jetpack_featured_media_url":"https:\/\/i0.wp.com\/cdnoticias.com\/wp-content\/uploads\/2021\/10\/fdt02-Sarachu.jpg?fit=800%2C445&ssl=1","jetpack_sharing_enabled":true,"_links":{"self":[{"href":"https:\/\/cdnoticias.com\/index.php\/wp-json\/wp\/v2\/posts\/39957","targetHints":{"allow":["GET"]}}],"collection":[{"href":"https:\/\/cdnoticias.com\/index.php\/wp-json\/wp\/v2\/posts"}],"about":[{"href":"https:\/\/cdnoticias.com\/index.php\/wp-json\/wp\/v2\/types\/post"}],"author":[{"embeddable":true,"href":"https:\/\/cdnoticias.com\/index.php\/wp-json\/wp\/v2\/users\/2"}],"replies":[{"embeddable":true,"href":"https:\/\/cdnoticias.com\/index.php\/wp-json\/wp\/v2\/comments?post=39957"}],"version-history":[{"count":0,"href":"https:\/\/cdnoticias.com\/index.php\/wp-json\/wp\/v2\/posts\/39957\/revisions"}],"wp:featuredmedia":[{"embeddable":true,"href":"https:\/\/cdnoticias.com\/index.php\/wp-json\/wp\/v2\/media\/35289"}],"wp:attachment":[{"href":"https:\/\/cdnoticias.com\/index.php\/wp-json\/wp\/v2\/media?parent=39957"}],"wp:term":[{"taxonomy":"category","embeddable":true,"href":"https:\/\/cdnoticias.com\/index.php\/wp-json\/wp\/v2\/categories?post=39957"},{"taxonomy":"post_tag","embeddable":true,"href":"https:\/\/cdnoticias.com\/index.php\/wp-json\/wp\/v2\/tags?post=39957"}],"curies":[{"name":"wp","href":"https:\/\/api.w.org\/{rel}","templated":true}]}}