{"id":39949,"date":"2021-11-27T12:42:57","date_gmt":"2021-11-27T15:42:57","guid":{"rendered":"http:\/\/www.centraldenoticias.com.ar\/?p=39949"},"modified":"2021-11-27T16:23:59","modified_gmt":"2021-11-27T19:23:59","slug":"cruz-arouxet-la-situacion-de-las-cooperativas-no-es-buena","status":"publish","type":"post","link":"https:\/\/cdnoticias.com\/index.php\/2021\/11\/27\/cruz-arouxet-la-situacion-de-las-cooperativas-no-es-buena\/","title":{"rendered":"Cruz Arouxet: \u201cLa situaci\u00f3n de las cooperativas no es buena\u201d"},"content":{"rendered":"<p>El nuevo presidente del Consejo de Administraci\u00f3n de Coopelectric, habl\u00f3 con Central de Noticias sobre los desaf\u00edos de su rol y la situaci\u00f3n de la cooperativas y distribuidoras. No descart\u00f3 pr\u00f3ximos pedidos de subas de tarifas.<!--more--><\/p>\n<hr \/>\n<p>Cruz Arouxet asumi\u00f3 recientemente como<strong> presidente del Consejo de Administraci\u00f3n de Coopelectric<\/strong> luego de un largo recorrido en la entidad. En di\u00e1logo con <em>Central de Noticias<\/em>, detall\u00f3 que<em> \u201chace tiempo que estoy, alrededor de 16 a\u00f1os\u201d.<\/em><\/p>\n<p>&nbsp;<\/p>\n<p>Cont\u00f3 que su primera funci\u00f3n fue la de <strong>s\u00edndico<\/strong>: <em>\u201ces el representante de los asociados dentro del Consejo de Administraci\u00f3n. Ante cualquier reclamo o duda que tenga el asociado se puede dirigir a la sindicatura que, a su vez, ejerce un control de legalidad\u201d.<\/em><\/p>\n<p>&nbsp;<\/p>\n<p>Luego fue parte del Consejo de Administraci\u00f3n, <strong>primero como vocal, luego como tesorero, y ahora, como presidente.<\/strong><\/p>\n<p>&nbsp;<\/p>\n<p>Consultado por el contexto en el que asumi\u00f3, luego de que<a href=\"https:\/\/cdnoticias.com\/index.php\/2021\/09\/22\/no-habran-elecciones-en-coopelectric-la-lista-verde-no-esta-habilitada\/\" target=\"_blank\" rel=\"noopener\"> no se concretaran elecciones<\/a> resalt\u00f3 que <em>\u201cel ejercicio pre electoral lo tenemos porque eso se hace todos los a\u00f1os. Muchas veces al no haber dos listas esto no se ve\u201d<\/em>, indic\u00f3 y resalt\u00f3 que <strong><em>\u201cel llamado a elecciones, la junta de avales, la renovaci\u00f3n de delegados, incorporar a delegados que representen instituciones intermedias, todo eso se hace todos los a\u00f1os\u201d.<\/em><\/strong><\/p>\n<p>&nbsp;<\/p>\n<p>Reconoci\u00f3 que este a\u00f1o tuvo un color <em>\u201cdistinto\u201d<\/em> por un lado,<em> \u201cpor el tema de la pandemia que no se hab\u00eda podido llamar a elecciones 2020\u201d y por el otro lado <strong>\u201cporque est\u00e1s en el ojo de la tomenta con un grupo de asociados que piensan distintos y que es totalmente sano\u201d.<\/strong><\/em><\/p>\n<p>&nbsp;<\/p>\n<p><img data-recalc-dims=\"1\" loading=\"lazy\" decoding=\"async\" class=\"alignnone size-large wp-image-39850\" src=\"https:\/\/i0.wp.com\/cdnoticias.com\/wp-content\/uploads\/2021\/11\/CruzArouxet3.jpg?resize=800%2C445&#038;ssl=1\" alt=\"\" width=\"800\" height=\"445\" srcset=\"https:\/\/i0.wp.com\/cdnoticias.com\/wp-content\/uploads\/2021\/11\/CruzArouxet3.jpg?resize=1024%2C570&amp;ssl=1 1024w, https:\/\/i0.wp.com\/cdnoticias.com\/wp-content\/uploads\/2021\/11\/CruzArouxet3.jpg?resize=300%2C167&amp;ssl=1 300w, https:\/\/i0.wp.com\/cdnoticias.com\/wp-content\/uploads\/2021\/11\/CruzArouxet3.jpg?resize=768%2C427&amp;ssl=1 768w, https:\/\/i0.wp.com\/cdnoticias.com\/wp-content\/uploads\/2021\/11\/CruzArouxet3.jpg?resize=800%2C445&amp;ssl=1 800w, https:\/\/i0.wp.com\/cdnoticias.com\/wp-content\/uploads\/2021\/11\/CruzArouxet3.jpg?w=1600&amp;ssl=1 1600w, https:\/\/i0.wp.com\/cdnoticias.com\/wp-content\/uploads\/2021\/11\/CruzArouxet3.jpg?w=2400&amp;ssl=1 2400w\" sizes=\"auto, (max-width: 800px) 100vw, 800px\" \/><\/p>\n<p>&nbsp;<\/p>\n<p><strong>Desaf\u00edos de la gesti\u00f3n y subsidios<\/strong><\/p>\n<p><strong>\u00a0<\/strong><\/p>\n<p>Cruz Arouxet asegur\u00f3 que los desaf\u00edos<strong><em> \u201cson m\u00faltiples\u201d<\/em><\/strong>. Principalmente apunt\u00f3 que <strong><em>\u201cla situaci\u00f3n de las cooperativas y de las distribuidoras dentro de la Provincia, no es buena\u201d.<\/em> <\/strong>Por lo que el objetivo es <em>\u201ctratar de realizar todas las gestiones posibles para que las cooperativas y distribuidoras sean escuchadas\u201d.<\/em><\/p>\n<p>&nbsp;<\/p>\n<p>Destac\u00f3 que <em>\u201cel propio Gobernador hizo un reconocimiento p\u00fablico del aporte que hacen en pandemia. Ojal\u00e1 sirva para poder trabajar con una salud econ\u00f3mica\u201d.<\/em><\/p>\n<p>&nbsp;<\/p>\n<p>Desde el Ejecutivo bonaerense se repartir\u00e1n <a href=\"https:\/\/cdnoticias.com\/index.php\/2021\/11\/25\/asignan-subsidio-de-2-800-millones-a-distribuidoras-municipales-de-energia\/\" target=\"_blank\" rel=\"noopener\">$2.800 millones con el objeto de solventar a las firmas y\/o cooperativas comunales<\/a> que concesionan el servicio p\u00fablico de la luz en los 135 municipios de la Provincia, lo cual se expresar\u00e1 en el valor de las tarifas de la energ\u00eda el\u00e9ctrica.<\/p>\n<p>&nbsp;<\/p>\n<p>En ese sentido, confirm\u00f3 que Coopelectric es alcanzado por este beneficio e indic\u00f3 que <em>\u201cel impacto obviamente no es suficiente pero bienvenido sea\u201d.<\/em><\/p>\n<p>&nbsp;<\/p>\n<p><em>\u201cLa cantidad de kil\u00f3metros que Coopelectric cubre es inmensa\u201d<\/em>, afirm\u00f3 y agreg\u00f3: \u201c<em>la cantidad de asociados que otorga el sistema rural, hace que no cierren las ecuaciones. <strong>El sistema rural gasta el 20% y genera el 3% de ingresos<\/strong>\u201d.<\/em><\/p>\n<p>&nbsp;<\/p>\n<p>Enfatiz\u00f3 que pese a esta situaci\u00f3n <em>\u201ces una obligaci\u00f3n de la Cooperativa brindar el servicio de la mejor manera. No est\u00e1 alcanzado Coopelectric por otros subsidios rurales, por lo que hace que la situaci\u00f3n se agrave un poco m\u00e1s\u201d.<\/em><\/p>\n<p>&nbsp;<\/p>\n<p><img data-recalc-dims=\"1\" loading=\"lazy\" decoding=\"async\" class=\"alignnone size-large wp-image-39852\" src=\"https:\/\/i0.wp.com\/cdnoticias.com\/wp-content\/uploads\/2021\/11\/CruzArouxet5.jpg?resize=800%2C445&#038;ssl=1\" alt=\"\" width=\"800\" height=\"445\" srcset=\"https:\/\/i0.wp.com\/cdnoticias.com\/wp-content\/uploads\/2021\/11\/CruzArouxet5.jpg?resize=1024%2C570&amp;ssl=1 1024w, https:\/\/i0.wp.com\/cdnoticias.com\/wp-content\/uploads\/2021\/11\/CruzArouxet5.jpg?resize=300%2C167&amp;ssl=1 300w, https:\/\/i0.wp.com\/cdnoticias.com\/wp-content\/uploads\/2021\/11\/CruzArouxet5.jpg?resize=768%2C427&amp;ssl=1 768w, https:\/\/i0.wp.com\/cdnoticias.com\/wp-content\/uploads\/2021\/11\/CruzArouxet5.jpg?resize=800%2C445&amp;ssl=1 800w, https:\/\/i0.wp.com\/cdnoticias.com\/wp-content\/uploads\/2021\/11\/CruzArouxet5.jpg?w=1600&amp;ssl=1 1600w, https:\/\/i0.wp.com\/cdnoticias.com\/wp-content\/uploads\/2021\/11\/CruzArouxet5.jpg?w=2400&amp;ssl=1 2400w\" sizes=\"auto, (max-width: 800px) 100vw, 800px\" \/><\/p>\n<p>&nbsp;<\/p>\n<p><strong>\u00bfPedido de aumento en las tarifas de luz y agua?<\/strong><\/p>\n<p>&nbsp;<\/p>\n<p>Cruz Arouxet indic\u00f3 que Coopelectric forma parte de APEBA, la Federaci\u00f3n que nuclea a las 14 distribuidoras m\u00e1s grandes de la provincia de Buenos Aires, y que <a href=\"https:\/\/cdnoticias.com\/index.php\/2021\/11\/18\/cooperativas-electricas-piden-ajuste-tarifario-y-alertan-sobre-posible-colapso\/\" target=\"_blank\" rel=\"noopener\">ya ha mantenido reuniones con la Provincia<\/a> solicitando <strong><em>\u201cun aumento del Valor Agregado de la Distribuci\u00f3n (VAD) \u201d.<\/em><\/strong><\/p>\n<p>&nbsp;<\/p>\n<p>Adem\u00e1s, afirm\u00f3 que la intenci\u00f3n es que la Provincia vea<em> \u201cel riesgo que corren las distribuidoras y lo importante que es un reconocimiento\u201d.<\/em><\/p>\n<p>&nbsp;<\/p>\n<p>Respecto a la <strong>prestaci\u00f3n del servicio de agua<\/strong>, asegur\u00f3 que el \u00faltimo aumento tarifario otorgado <em>\u201csirvi\u00f3\u201d<\/em> aunque se\u00f1al\u00f3 que <em>\u201cfue con base del 2019\u201d<\/em> y que <em>\u201cel per\u00edodo inflacionario con el que estamos viviendo, hace que d\u00eda a d\u00eda queden retrasados algunos conceptos\u201d.<\/em><\/p>\n<p>&nbsp;<\/p>\n<p>Sin embargo, destac\u00f3 que <em>\u201csirvi\u00f3 y que se puede trabajar mejor\u201d<\/em> aunque <strong><em>\u201cno alcanza para dejar de ser deficitario, pero podemos trabajar con m\u00e1s soltura y cuidar el sistema\u201d.<\/em><\/strong><\/p>\n<p>&nbsp;<\/p>\n<p>En relaci\u00f3n a un posible pedido de aumento para esta tarifa, inform\u00f3 que <em>\u201c<strong>seguramente en alg\u00fan momento va a haber que solicitarlo porque estamos viviendo un per\u00edodo inflacionario de un 45 a 50% y se ve reflejado en los insumos, en la mano de obra\u201d.<\/strong><\/em><\/p>\n","protected":false},"excerpt":{"rendered":"<p>El nuevo presidente del Consejo de Administraci\u00f3n de Coopelectric, habl\u00f3 con Central de Noticias sobre los desaf\u00edos de su rol<\/p>\n","protected":false},"author":5,"featured_media":39853,"comment_status":"closed","ping_status":"closed","sticky":false,"template":"","format":"standard","meta":{"_jetpack_memberships_contains_paid_content":false,"footnotes":""},"categories":[5,1],"tags":[],"class_list":["post-39949","post","type-post","status-publish","format-standard","has-post-thumbnail","hentry","category-informacion-general","category-portada"],"jetpack_featured_media_url":"https:\/\/i0.wp.com\/cdnoticias.com\/wp-content\/uploads\/2021\/11\/CruzArouxet6.jpg?fit=4608%2C2564&ssl=1","jetpack_sharing_enabled":true,"_links":{"self":[{"href":"https:\/\/cdnoticias.com\/index.php\/wp-json\/wp\/v2\/posts\/39949","targetHints":{"allow":["GET"]}}],"collection":[{"href":"https:\/\/cdnoticias.com\/index.php\/wp-json\/wp\/v2\/posts"}],"about":[{"href":"https:\/\/cdnoticias.com\/index.php\/wp-json\/wp\/v2\/types\/post"}],"author":[{"embeddable":true,"href":"https:\/\/cdnoticias.com\/index.php\/wp-json\/wp\/v2\/users\/5"}],"replies":[{"embeddable":true,"href":"https:\/\/cdnoticias.com\/index.php\/wp-json\/wp\/v2\/comments?post=39949"}],"version-history":[{"count":0,"href":"https:\/\/cdnoticias.com\/index.php\/wp-json\/wp\/v2\/posts\/39949\/revisions"}],"wp:featuredmedia":[{"embeddable":true,"href":"https:\/\/cdnoticias.com\/index.php\/wp-json\/wp\/v2\/media\/39853"}],"wp:attachment":[{"href":"https:\/\/cdnoticias.com\/index.php\/wp-json\/wp\/v2\/media?parent=39949"}],"wp:term":[{"taxonomy":"category","embeddable":true,"href":"https:\/\/cdnoticias.com\/index.php\/wp-json\/wp\/v2\/categories?post=39949"},{"taxonomy":"post_tag","embeddable":true,"href":"https:\/\/cdnoticias.com\/index.php\/wp-json\/wp\/v2\/tags?post=39949"}],"curies":[{"name":"wp","href":"https:\/\/api.w.org\/{rel}","templated":true}]}}