{"id":39945,"date":"2021-11-27T17:20:00","date_gmt":"2021-11-27T20:20:00","guid":{"rendered":"http:\/\/www.centraldenoticias.com.ar\/?p=39945"},"modified":"2021-11-27T17:20:00","modified_gmt":"2021-11-27T20:20:00","slug":"subsidio-estado-nacional-en-las-facturas-de-luz-que-es","status":"publish","type":"post","link":"https:\/\/cdnoticias.com\/index.php\/2021\/11\/27\/subsidio-estado-nacional-en-las-facturas-de-luz-que-es\/","title":{"rendered":"\u201cSubsidio Estado Nacional\u201d en las facturas de luz, \u00bfqu\u00e9 es?"},"content":{"rendered":"<p>Los usuarios de Coopelectric reciben sus facturas con esta leyenda. Una disposici\u00f3n del ENRE que rige desde este mes.<!--more--><\/p>\n<hr \/>\n<p><strong>Los usuarios de Coopelectric que recibieron sus facturas en estos d\u00edas<\/strong> se encontraron con una novedad: <strong>en el apartado de \u201cinformaci\u00f3n adicional\u201d hay un \u201cSubsidio Estado Nacional\u201d<\/strong>. <strong>Central de Noticias<\/strong> recibi\u00f3 la consulta: \u00bfqu\u00e9 es?<\/p>\n<p>&nbsp;<\/p>\n<p>Las dudas se plantearon porque en la comparativa, <strong>las facturas del mes anterior y la actual no presentan cambios en sus valores<\/strong>, a pesar de esta nueva leyenda.<\/p>\n<p>&nbsp;<\/p>\n<blockquote><p>Ante la consulta con Coopelectric se explic\u00f3 que se trata de una nueva disposici\u00f3n que obliga a las distribuidoras a exponer el subsidio que paga el Estado a la empresa mayorista de energ\u00eda, Cammesa, desde hace unos meses.<\/p><\/blockquote>\n<p>&nbsp;<\/p>\n<p><img data-recalc-dims=\"1\" loading=\"lazy\" decoding=\"async\" class=\"size-full wp-image-39946 aligncenter\" src=\"https:\/\/i0.wp.com\/cdnoticias.com\/wp-content\/uploads\/2021\/11\/factura-luz-subsidio-1.jpg?resize=800%2C444&#038;ssl=1\" alt=\"\" width=\"800\" height=\"444\" srcset=\"https:\/\/i0.wp.com\/cdnoticias.com\/wp-content\/uploads\/2021\/11\/factura-luz-subsidio-1.jpg?w=800&amp;ssl=1 800w, https:\/\/i0.wp.com\/cdnoticias.com\/wp-content\/uploads\/2021\/11\/factura-luz-subsidio-1.jpg?resize=300%2C167&amp;ssl=1 300w, https:\/\/i0.wp.com\/cdnoticias.com\/wp-content\/uploads\/2021\/11\/factura-luz-subsidio-1.jpg?resize=768%2C426&amp;ssl=1 768w\" sizes=\"auto, (max-width: 800px) 100vw, 800px\" \/><\/p>\n<p>&nbsp;<\/p>\n<p><strong>La medida fue dictada desde el Ente Nacional Regulador de Energ\u00eda (ENRE)<\/strong> a trav\u00e9s de la Resoluci\u00f3n 487, publicada en el Bolet\u00edn Oficial y rige desde el 1\u00b0 de noviembre.<\/p>\n<p>&nbsp;<\/p>\n<p>Se busca con ello <strong>que los usuarios conozcan con mayor claridad cu\u00e1l es la asistencia estatal<\/strong> a trav\u00e9s del subsidio.<\/p>\n<p>&nbsp;<\/p>\n<p>En esa normativa se instruy\u00f3 a las compa\u00f1\u00edas de energ\u00eda que teniendo en cuenta los cargos fijos, potencia adquirida por categor\u00eda y \u201cde acuerdo al consumo mensual de cada persona usuaria\u201d deber\u00e1n determinar \u201ca partir del 1 de noviembre de 2021 el monto del subsidio correspondiente, el que deber\u00e1 ser identificado de manera destacada como \u2018Subsidio Estado Nacional\u2019 en la secci\u00f3n de la factura que contiene la informaci\u00f3n\u201d a los usuarios.<\/p>\n<p>&nbsp;<\/p>\n<p>La misma resoluci\u00f3n estableci\u00f3 que esta leyenda debe incluirse en toda la \u201ctemporada alta\u201d de facturaci\u00f3n: del 1 de noviembre de este a\u00f1o al 30 de abril de 2022.<\/p>\n","protected":false},"excerpt":{"rendered":"<p>Los usuarios de Coopelectric reciben sus facturas con esta leyenda. Una disposici\u00f3n del ENRE que rige desde este mes.<\/p>\n","protected":false},"author":4,"featured_media":39947,"comment_status":"closed","ping_status":"closed","sticky":false,"template":"","format":"standard","meta":{"_jetpack_memberships_contains_paid_content":false,"footnotes":""},"categories":[5,1],"tags":[],"class_list":["post-39945","post","type-post","status-publish","format-standard","has-post-thumbnail","hentry","category-informacion-general","category-portada"],"jetpack_featured_media_url":"https:\/\/i0.wp.com\/cdnoticias.com\/wp-content\/uploads\/2021\/11\/factura-luz-subsidio-0.jpg?fit=700%2C390&ssl=1","jetpack_sharing_enabled":true,"_links":{"self":[{"href":"https:\/\/cdnoticias.com\/index.php\/wp-json\/wp\/v2\/posts\/39945","targetHints":{"allow":["GET"]}}],"collection":[{"href":"https:\/\/cdnoticias.com\/index.php\/wp-json\/wp\/v2\/posts"}],"about":[{"href":"https:\/\/cdnoticias.com\/index.php\/wp-json\/wp\/v2\/types\/post"}],"author":[{"embeddable":true,"href":"https:\/\/cdnoticias.com\/index.php\/wp-json\/wp\/v2\/users\/4"}],"replies":[{"embeddable":true,"href":"https:\/\/cdnoticias.com\/index.php\/wp-json\/wp\/v2\/comments?post=39945"}],"version-history":[{"count":0,"href":"https:\/\/cdnoticias.com\/index.php\/wp-json\/wp\/v2\/posts\/39945\/revisions"}],"wp:featuredmedia":[{"embeddable":true,"href":"https:\/\/cdnoticias.com\/index.php\/wp-json\/wp\/v2\/media\/39947"}],"wp:attachment":[{"href":"https:\/\/cdnoticias.com\/index.php\/wp-json\/wp\/v2\/media?parent=39945"}],"wp:term":[{"taxonomy":"category","embeddable":true,"href":"https:\/\/cdnoticias.com\/index.php\/wp-json\/wp\/v2\/categories?post=39945"},{"taxonomy":"post_tag","embeddable":true,"href":"https:\/\/cdnoticias.com\/index.php\/wp-json\/wp\/v2\/tags?post=39945"}],"curies":[{"name":"wp","href":"https:\/\/api.w.org\/{rel}","templated":true}]}}