{"id":39935,"date":"2021-11-27T09:04:02","date_gmt":"2021-11-27T12:04:02","guid":{"rendered":"http:\/\/www.centraldenoticias.com.ar\/?p=39935"},"modified":"2021-11-27T10:30:31","modified_gmt":"2021-11-27T13:30:31","slug":"vizzotti-anuncio-el-pase-sanitario-para-eventos-masivos-y-en-espacios-cerrados","status":"publish","type":"post","link":"https:\/\/cdnoticias.com\/index.php\/2021\/11\/27\/vizzotti-anuncio-el-pase-sanitario-para-eventos-masivos-y-en-espacios-cerrados\/","title":{"rendered":"Vizzotti anunci\u00f3 el &#8220;pase sanitario&#8221; para eventos masivos y en espacios cerrados"},"content":{"rendered":"<p>Adem\u00e1s inform\u00f3 que se van a &#8220;postergar vuelos directos con el continente africano&#8221; ante la aparici\u00f3n de la nueva variante del coronavirus, &#8220;Omicron&#8221;.<!--more--><\/p>\n<hr \/>\n<p>La ministra de Salud, Carla Vizzotti, advirti\u00f3 en conferencia de prensa que la pandemia de coronavirus <em>&#8220;no termin\u00f3&#8221;<\/em>, exhort\u00f3 a completar los esquemas de vacunaci\u00f3n y anunci\u00f3 la implementaci\u00f3n de un<em> &#8220;pase sanitario&#8221;<\/em> para mayores de 13 a\u00f1os con esquema de inmunizaci\u00f3n completa para realizar actividades de &#8220;<em>m\u00e1s riesgo, como las masivas&#8221;.<\/em><\/p>\n<p>&nbsp;<\/p>\n<p>La funcionaria destac\u00f3 que Argentina est\u00e1 en<em> &#8220;una situaci\u00f3n favorable&#8221;<\/em>, con una <em>&#8220;cantidad de casos bajos&#8221;<\/em> pese a la <em>&#8220;circulaci\u00f3n de la variante Delta&#8221;<\/em>, que <em>&#8220;es del 90 por ciento&#8221;,<\/em> y expres\u00f3 que <strong><em>&#8220;se est\u00e1 estudiando una nueva variante de preocupaci\u00f3n m\u00e1s transmisible&#8221;<\/em>, sobre la que <em>&#8220;a\u00fan no hay informaci\u00f3n sobre su letalidad y su respuesta a las vacunas&#8221;.<\/em><\/strong><\/p>\n<p>&nbsp;<\/p>\n<p>En ese marco, anunci\u00f3 que se mantendr\u00e1 la<em> &#8220;postergaci\u00f3n de vuelos directos con el continente africano&#8221;<\/em> y sostuvo que <strong>las personas que hayan estado en el continente africano en los \u00faltimos d\u00edas deber\u00e1n realizar una prueba de PCR al ingresar al pa\u00eds, aislamiento de 14 d\u00edas y luego un nuevo testeo.<\/strong><\/p>\n<p>&nbsp;<\/p>\n<p>La ministra de Salud asegur\u00f3 que<em> &#8220;el primer consenso&#8221;<\/em> logrado en el marco del Cofesa fue que<em> &#8220;diciembre ser\u00e1 el mes de las segundas dosis&#8221;<\/em> para que la poblaci\u00f3n <em>&#8220;complete su esquema de vacunaci\u00f3n&#8221;<\/em>, al tiempo que <strong>estim\u00f3 en<em> &#8220;7 millones&#8221;<\/em> la cantidad de personas que estando en condiciones de inmunizarse con la segunda dosis, a\u00fan no lo hicieron.<\/strong><\/p>\n<p>&nbsp;<\/p>\n<p>Manifest\u00f3 que<em> &#8220;la expectativa es que avance la vacunaci\u00f3n&#8221;<\/em> porque <em>&#8220;cuantas m\u00e1s personas&#8221;<\/em> tengan<em> &#8220;completo el esquema&#8221;<\/em> de inmunizaci\u00f3n se va a estar<strong><em> &#8220;en una situaci\u00f3n de mayor inmunidad ante el aumento de casos, para que no terminen en internaci\u00f3n&#8221;<\/em><\/strong>, sobre todo de cara a marzo.<\/p>\n<p>&nbsp;<\/p>\n<p>Asimismo, asegur\u00f3 que la situaci\u00f3n epidemiol\u00f3gica por la pandemia de coronavirus en Argentina <strong><em>&#8220;es m\u00e1s favorable que en diciembre pasado&#8221;<\/em><\/strong> y pronostic\u00f3 un verano con mayor tranquilidad, <em>&#8220;independientemente de lo que sucede en el Hemisferio Norte&#8221;.<\/em><\/p>\n<p>&nbsp;<\/p>\n<p>En ese marco,<strong> alent\u00f3 a los padres y madres de ni\u00f1os de entre 3 y 11 a\u00f1os a que los vacunen<\/strong> y que tengan en cuenta lo que est\u00e1 sucediendo en otros pa\u00edses donde crecen los casos y en los que se comienzan a ver nuevas variantes del coronavirus.<\/p>\n<p>&nbsp;<\/p>\n<p><strong>Pase sanitario<\/strong><\/p>\n<p>&nbsp;<\/p>\n<p>Respecto del <strong><em>&#8220;pase sanitario&#8221;<\/em><\/strong>, sostuvo que ser\u00e1 para mayores de 13 a\u00f1os con esquema de inmunizaci\u00f3n completa para realizar actividades de <em>&#8220;m\u00e1s riesgo, como las masivas&#8221;,<\/em> entre ellas, eventos al aire libre y tambi\u00e9n en lugares cerrados.<\/p>\n<p>&nbsp;<\/p>\n<blockquote><p>Ese pase sanitario, precis\u00f3, deber\u00e1 ser tramitado 14 d\u00edas antes del evento, a trav\u00e9s de la app Cuidar.<\/p><\/blockquote>\n<p>&nbsp;<\/p>\n<p>Vizzotti, al referirse a la situaci\u00f3n internacional de la pandemia, tambi\u00e9n alert\u00f3 respecto a que existen <em>&#8220;seis veces m\u00e1s terceras dosis&#8221;<\/em> aplicadas en los pa\u00edses desarrollados que<em> &#8220;primeras dosis en pa\u00edses pobres&#8221;<\/em> y con esto<strong> convoc\u00f3 a las naciones del mundo a que ayuden a esos pa\u00edses en peores condiciones a terminar con esta inequidad.<\/strong><\/p>\n<p>&nbsp;<\/p>\n<p>En ese contexto, record\u00f3 que el jueves\u00a0<em>&#8220;llegaron a Monzambique las vacunas donadas por Argentina&#8221;.<\/em><\/p>\n<p>&nbsp;<\/p>\n<p>Fuente: T\u00e9lam<\/p>\n","protected":false},"excerpt":{"rendered":"<p>Adem\u00e1s inform\u00f3 que se van a &#8220;postergar vuelos directos con el continente africano&#8221; ante la aparici\u00f3n de la nueva variante<\/p>\n","protected":false},"author":5,"featured_media":24735,"comment_status":"closed","ping_status":"closed","sticky":false,"template":"","format":"standard","meta":{"_jetpack_memberships_contains_paid_content":false,"footnotes":""},"categories":[16,1],"tags":[],"class_list":["post-39935","post","type-post","status-publish","format-standard","has-post-thumbnail","hentry","category-covid-19","category-portada"],"jetpack_featured_media_url":"https:\/\/i0.wp.com\/cdnoticias.com\/wp-content\/uploads\/2021\/06\/DIB-Carla-Vizzotti-conferencia.jpeg?fit=1024%2C682&ssl=1","jetpack_sharing_enabled":true,"_links":{"self":[{"href":"https:\/\/cdnoticias.com\/index.php\/wp-json\/wp\/v2\/posts\/39935","targetHints":{"allow":["GET"]}}],"collection":[{"href":"https:\/\/cdnoticias.com\/index.php\/wp-json\/wp\/v2\/posts"}],"about":[{"href":"https:\/\/cdnoticias.com\/index.php\/wp-json\/wp\/v2\/types\/post"}],"author":[{"embeddable":true,"href":"https:\/\/cdnoticias.com\/index.php\/wp-json\/wp\/v2\/users\/5"}],"replies":[{"embeddable":true,"href":"https:\/\/cdnoticias.com\/index.php\/wp-json\/wp\/v2\/comments?post=39935"}],"version-history":[{"count":0,"href":"https:\/\/cdnoticias.com\/index.php\/wp-json\/wp\/v2\/posts\/39935\/revisions"}],"wp:featuredmedia":[{"embeddable":true,"href":"https:\/\/cdnoticias.com\/index.php\/wp-json\/wp\/v2\/media\/24735"}],"wp:attachment":[{"href":"https:\/\/cdnoticias.com\/index.php\/wp-json\/wp\/v2\/media?parent=39935"}],"wp:term":[{"taxonomy":"category","embeddable":true,"href":"https:\/\/cdnoticias.com\/index.php\/wp-json\/wp\/v2\/categories?post=39935"},{"taxonomy":"post_tag","embeddable":true,"href":"https:\/\/cdnoticias.com\/index.php\/wp-json\/wp\/v2\/tags?post=39935"}],"curies":[{"name":"wp","href":"https:\/\/api.w.org\/{rel}","templated":true}]}}