{"id":39933,"date":"2021-11-27T08:13:37","date_gmt":"2021-11-27T11:13:37","guid":{"rendered":"http:\/\/www.centraldenoticias.com.ar\/?p=39933"},"modified":"2021-11-27T09:04:34","modified_gmt":"2021-11-27T12:04:34","slug":"vacunacion-contra-el-covid-el-viernes-se-aplicaron-mas-de-360-dosis","status":"publish","type":"post","link":"https:\/\/cdnoticias.com\/index.php\/2021\/11\/27\/vacunacion-contra-el-covid-el-viernes-se-aplicaron-mas-de-360-dosis\/","title":{"rendered":"Vacunaci\u00f3n contra el Covid: el viernes se aplicaron m\u00e1s de 360 dosis"},"content":{"rendered":"<p>Contin\u00faa la campa\u00f1a provincial de vacunaci\u00f3n a ni\u00f1os, ni\u00f1as, adolescentes y adultos. El detalle diario de las aplicaciones y testeos en escuelas en Olavarr\u00eda.<!--more--><\/p>\n<hr \/>\n<p>En la jornada del viernes se aplicaron <strong>105 dosis contra el Covid-19 a ni\u00f1as y ni\u00f1os de 3 a 17 a\u00f1os, sobre un total de 362 personas vacunadas.<\/strong><\/p>\n<p>&nbsp;<\/p>\n<p>Seg\u00fan se inform\u00f3 desde <strong>Regi\u00f3n Sanitaria IX<\/strong>, fueron distribuidas de la siguiente manera:<\/p>\n<p>&nbsp;<\/p>\n<p><strong>-Centro Cultural Universitario:<\/strong> se aplicaron 264 dosis de las cuales 2 pertenecen a primer componente en adultos, 16 corresponden a primeras dosis en ni\u00f1as y ni\u00f1os de 3 a 11 a\u00f1os, 3 inoculaciones con primer componente en la franja etaria de 12 a 17 a\u00f1os, 14 segundas dosis en j\u00f3venes de 12 a 17 a\u00f1os, 30 segundo componente en ni\u00f1as y ni\u00f1os de 3 a 11 a\u00f1os, y 199 de terceras dosis.<\/p>\n<p>&nbsp;<\/p>\n<p><strong>-Servicio Territorial N\u00b02:<\/strong> fueron 54 las personas vacunadas, de ellas 8 corresponden a primeras dosis en adultos, 3 primeras dosis en menores de 3 a 11 a\u00f1os, 5 segundo componente en la franja etaria de 12 a 17 a\u00f1os, 18 de segundo componente a menores de 3 a 11 a\u00f1os, 6 segundas dosis a mayores de 18 a\u00f1os, y 14 vecinas y vecinos fueron inoculados con terceras dosis.<\/p>\n<p>&nbsp;<\/p>\n<p><strong>-Facultad de Ciencias de la Salud:<\/strong> se inocularon 42 personas de las cuales 11 corresponden a mayores de 18 a\u00f1os con primer componente, 2 a primeras dosis en menores de 3 a 11 a\u00f1os, 11 segundas dosis en adultos, 14 segundas dosis en ni\u00f1os y ni\u00f1as de 3 a 11 a\u00f1os, y 4 aplicaciones de terceras dosis en mayores de edad.<\/p>\n<p>&nbsp;<\/p>\n<p>A la par, sigue desarroll\u00e1ndose la vacunaci\u00f3n libre de primeras y segundas dosis para mayores de 18 a\u00f1os que acrediten domicilio en la localidad present\u00e1ndose con su DNI en cualquiera de las postas de vacunaci\u00f3n (como toda segunda dosis libre, se debe cumplir el plazo estipulado entre vacunas).<\/p>\n<p>&nbsp;<\/p>\n<p>Por otra parte, recordaron que para obtener el turno de vacunaci\u00f3n a ni\u00f1os y ni\u00f1as de entre 3 y 11 a\u00f1os, se deber\u00e1n inscribir al igual que los menores de 12 a 17, a trav\u00e9s del <a href=\"https:\/\/vacunatepba.gba.gob.ar\/\" target=\"_blank\" rel=\"noopener\">sitio web Vacunate<\/a>. Asimismo, se habilit\u00f3 la <strong>primera dosis libre para mayores de 12 con enfermedades preexistentes.<\/strong><\/p>\n<p>&nbsp;<\/p>\n<p>En cuanto a las actividades preventivas que se realizan en el <strong>Centro Provincial de Testeos<\/strong> que funciona en las instalaciones del Club El Fort\u00edn (Urquiza 2980), de lunes a viernes de 8 a 12, <strong>este viernes se realizaron 9 hisopados a personas que se presentaron de manera espont\u00e1nea, de los cuales ninguno result\u00f3 positivo.<\/strong><\/p>\n<p>&nbsp;<\/p>\n<p>Tambi\u00e9n el viernes <strong>se realizaron 10 testeos, tanto a estudiantes como a personal docente en el Colegio Parroquial Nuestra Se\u00f1ora de F\u00e1tima<\/strong>, sin obtener resultados positivos en ninguna de las muestras.<\/p>\n","protected":false},"excerpt":{"rendered":"<p>Contin\u00faa la campa\u00f1a provincial de vacunaci\u00f3n a ni\u00f1os, ni\u00f1as, adolescentes y adultos. El detalle diario de las aplicaciones y testeos<\/p>\n","protected":false},"author":5,"featured_media":35212,"comment_status":"closed","ping_status":"closed","sticky":false,"template":"","format":"standard","meta":{"_jetpack_memberships_contains_paid_content":false,"footnotes":""},"categories":[16,1],"tags":[],"class_list":["post-39933","post","type-post","status-publish","format-standard","has-post-thumbnail","hentry","category-covid-19","category-portada"],"jetpack_featured_media_url":"https:\/\/i0.wp.com\/cdnoticias.com\/wp-content\/uploads\/2021\/10\/vacunacion-covid-ni%C3%B1os-0-2.jpeg?fit=1280%2C848&ssl=1","jetpack_sharing_enabled":true,"_links":{"self":[{"href":"https:\/\/cdnoticias.com\/index.php\/wp-json\/wp\/v2\/posts\/39933","targetHints":{"allow":["GET"]}}],"collection":[{"href":"https:\/\/cdnoticias.com\/index.php\/wp-json\/wp\/v2\/posts"}],"about":[{"href":"https:\/\/cdnoticias.com\/index.php\/wp-json\/wp\/v2\/types\/post"}],"author":[{"embeddable":true,"href":"https:\/\/cdnoticias.com\/index.php\/wp-json\/wp\/v2\/users\/5"}],"replies":[{"embeddable":true,"href":"https:\/\/cdnoticias.com\/index.php\/wp-json\/wp\/v2\/comments?post=39933"}],"version-history":[{"count":0,"href":"https:\/\/cdnoticias.com\/index.php\/wp-json\/wp\/v2\/posts\/39933\/revisions"}],"wp:featuredmedia":[{"embeddable":true,"href":"https:\/\/cdnoticias.com\/index.php\/wp-json\/wp\/v2\/media\/35212"}],"wp:attachment":[{"href":"https:\/\/cdnoticias.com\/index.php\/wp-json\/wp\/v2\/media?parent=39933"}],"wp:term":[{"taxonomy":"category","embeddable":true,"href":"https:\/\/cdnoticias.com\/index.php\/wp-json\/wp\/v2\/categories?post=39933"},{"taxonomy":"post_tag","embeddable":true,"href":"https:\/\/cdnoticias.com\/index.php\/wp-json\/wp\/v2\/tags?post=39933"}],"curies":[{"name":"wp","href":"https:\/\/api.w.org\/{rel}","templated":true}]}}