{"id":39931,"date":"2021-11-27T08:06:43","date_gmt":"2021-11-27T11:06:43","guid":{"rendered":"http:\/\/www.centraldenoticias.com.ar\/?p=39931"},"modified":"2021-11-27T08:06:43","modified_gmt":"2021-11-27T11:06:43","slug":"dionisia-rosa-rodriguez-viuda-de-nesprias-q-e-p-d","status":"publish","type":"post","link":"https:\/\/cdnoticias.com\/index.php\/2021\/11\/27\/dionisia-rosa-rodriguez-viuda-de-nesprias-q-e-p-d\/","title":{"rendered":"Dionisia Rosa Rodr\u00edguez viuda de Nespr\u00edas (Q.E.P.D.)"},"content":{"rendered":"<p>Falleci\u00f3 en Olavarr\u00eda el 26 de noviembre a los 80 a\u00f1os de edad. Su hija Karina Nesprias; sus nietos Lautaro y Valent\u00edn Fern\u00e1ndez Nesprias; sus hermanas Noem\u00ed, Alicia y Graciela Rodr\u00edguez; sus sobrinos y sus sobrinas y dem\u00e1s deudos participan su fallecimiento.<\/p>\n<p>&nbsp;<\/p>\n<p>Sus restos no ser\u00e1n velados y ser\u00e1n inhumados en el cementerio de Hinojo, este s\u00e1bado 27 de noviembre a las 12:00. Vecina de Sierra Chica. Nacida en Azul. Jubilada y Pensionada.<\/p>\n","protected":false},"excerpt":{"rendered":"<p>Falleci\u00f3 en Olavarr\u00eda el 26 de noviembre a los 80 a\u00f1os de edad. Su hija Karina Nesprias; sus nietos Lautaro<\/p>\n","protected":false},"author":5,"featured_media":0,"comment_status":"closed","ping_status":"closed","sticky":false,"template":"","format":"standard","meta":{"_jetpack_memberships_contains_paid_content":false,"footnotes":""},"categories":[10],"tags":[],"class_list":["post-39931","post","type-post","status-publish","format-standard","hentry","category-necrologicas"],"jetpack_featured_media_url":"","jetpack_sharing_enabled":true,"_links":{"self":[{"href":"https:\/\/cdnoticias.com\/index.php\/wp-json\/wp\/v2\/posts\/39931","targetHints":{"allow":["GET"]}}],"collection":[{"href":"https:\/\/cdnoticias.com\/index.php\/wp-json\/wp\/v2\/posts"}],"about":[{"href":"https:\/\/cdnoticias.com\/index.php\/wp-json\/wp\/v2\/types\/post"}],"author":[{"embeddable":true,"href":"https:\/\/cdnoticias.com\/index.php\/wp-json\/wp\/v2\/users\/5"}],"replies":[{"embeddable":true,"href":"https:\/\/cdnoticias.com\/index.php\/wp-json\/wp\/v2\/comments?post=39931"}],"version-history":[{"count":0,"href":"https:\/\/cdnoticias.com\/index.php\/wp-json\/wp\/v2\/posts\/39931\/revisions"}],"wp:attachment":[{"href":"https:\/\/cdnoticias.com\/index.php\/wp-json\/wp\/v2\/media?parent=39931"}],"wp:term":[{"taxonomy":"category","embeddable":true,"href":"https:\/\/cdnoticias.com\/index.php\/wp-json\/wp\/v2\/categories?post=39931"},{"taxonomy":"post_tag","embeddable":true,"href":"https:\/\/cdnoticias.com\/index.php\/wp-json\/wp\/v2\/tags?post=39931"}],"curies":[{"name":"wp","href":"https:\/\/api.w.org\/{rel}","templated":true}]}}