{"id":3993,"date":"2020-10-15T11:58:59","date_gmt":"2020-10-15T14:58:59","guid":{"rendered":"http:\/\/www.centraldenoticias.com.ar\/?p=3993"},"modified":"2020-10-15T13:50:24","modified_gmt":"2020-10-15T16:50:24","slug":"mayoria-de-comerciantes-prefiere-el-horario-corrido-en-olavarria","status":"publish","type":"post","link":"https:\/\/cdnoticias.com\/index.php\/2020\/10\/15\/mayoria-de-comerciantes-prefiere-el-horario-corrido-en-olavarria\/","title":{"rendered":"Mayor\u00eda de comerciantes prefiere el horario corrido en Olavarr\u00eda"},"content":{"rendered":"<p>Comerciantes Unidos a\u00fan mantiene en marcha la encuesta, pero en los resultados preliminares hay una tendencia muy marcada. Desde la organizaci\u00f3n, Pamela Videla, hizo hincapi\u00e9 en que tambi\u00e9n la atenci\u00f3n est\u00e1 en el contexto sanitario. \u201cLa decisi\u00f3n es acompa\u00f1ar\u201d remarc\u00f3.<!--more--><\/p>\n<hr \/>\n<p>La agrupaci\u00f3n Comerciantes Unidos lanz\u00f3 la semana pasada <a href=\"https:\/\/cdnoticias.com\/index.php\/2020\/10\/10\/comerciantes-unidos-lanzo-una-encuesta-sobre-el-horario-comercial\/\" target=\"_blank\" rel=\"noopener\">una encuesta<\/a> para conocer la preferencia local sobre si el sector <strong>prefiere trabajar en horario corrido o en horario cortado<\/strong>. Se dirigi\u00f3 a los rubros <strong>no esenciales<\/strong> y, en principio, con el D\u00eda de la Madre como objetivo.<\/p>\n<p>Central de Noticias habl\u00f3 con Pamela Videla sobre los resultados preliminares. \u201cSi bien no tenemos un piso alto de encuestas ya hay una tendencia bastante marcada\u201d advirti\u00f3 para indicar que con <strong>alrededor de 70 respuestas recibidas 78% se mostr\u00f3 a favor del trabajo en horario corrido y 22% eligi\u00f3 el horario cortado<\/strong>. Los comerciantes interesados en responder pueden hacerlo <a href=\"https:\/\/pollie.app\/polls\/horario-comercial-7ffcf209-1297-4769-a212-ac503321bc3f\/unidentified_user\/new\" target=\"_blank\" rel=\"noopener\">aqu\u00ed<\/a>.<\/p>\n<p>Entre los rubros que respondieron a la encuesta se cuentan los de tecnolog\u00eda, indumentaria, muebler\u00eda y regaler\u00eda. A su vez, Pamela Videla se\u00f1al\u00f3 que respecto de quienes responden en favor del horario cortado \u201cson comerciantes que tienen mucha ansiedad con los horarios de apertura\u201d en funci\u00f3n de la amplitud de los cambios posibles.<\/p>\n<p>No obstante, para Comerciantes Unidos <strong>\u201ces muy dif\u00edcil el tema del horario<\/strong>\u201d, no s\u00f3lo por la disparidad de opiniones, sino por \u201cla situaci\u00f3n sanitaria\u201d. La referente del sector hizo hincapi\u00e9 en que a diario est\u00e1n atentos a la cantidad de casos de Covid-19 que se registran en Olavarr\u00eda y de la gravedad de los mismos. En ese sentido, consider\u00f3 que m\u00e1s all\u00e1 del debate interno, \u201cni siquiera est\u00e1 como para plantear cosas as\u00ed\u201d subray\u00f3.<\/p>\n<p>Tuvo en cuenta que en el marco del <strong>D\u00eda de la Madre<\/strong>, integrantes de la agrupaci\u00f3n hab\u00edan considerado pedir la extensi\u00f3n horaria comercial como se hizo para el D\u00eda del Ni\u00f1o, en agosto. Ese fue el origen de la consulta a los comerciantes y en principio la intenci\u00f3n era extender el an\u00e1lisis para proyectar las temporadas de primavera y verano, y en funci\u00f3n de ello hacer solicitudes a la Municipalidad. \u201cPero despu\u00e9s, cuando hacemos la encuesta para ver qu\u00e9 piensan en general no es lo que la mayor\u00eda quiere\u201d concluy\u00f3.<\/p>\n<blockquote><p>Y a eso sum\u00f3 la gran cantidad de contagios de coronavirus que se confirma en el distrito diariamente. \u201cLa situaci\u00f3n sanitaria hoy est\u00e1 muy dif\u00edcil. Implica una responsabilidad enorme en este contexto, no es solamente un debate que podemos dar desde el sector. Hoy tenemos que tener en cuenta fuertemente la cuesti\u00f3n sanitaria y desde nuestro grupo la decisi\u00f3n es acompa\u00f1ar\u201d expres\u00f3 Pamela Videla.<\/p><\/blockquote>\n","protected":false},"excerpt":{"rendered":"<p>Comerciantes Unidos a\u00fan mantiene en marcha la encuesta, pero en los resultados preliminares hay una tendencia muy marcada. Desde la<\/p>\n","protected":false},"author":4,"featured_media":961,"comment_status":"closed","ping_status":"closed","sticky":false,"template":"","format":"standard","meta":{"_jetpack_memberships_contains_paid_content":false,"footnotes":""},"categories":[5,1],"tags":[],"class_list":["post-3993","post","type-post","status-publish","format-standard","has-post-thumbnail","hentry","category-informacion-general","category-portada"],"jetpack_featured_media_url":"https:\/\/i0.wp.com\/cdnoticias.com\/wp-content\/uploads\/2020\/09\/comercios1.jpg?fit=4392%2C2604&ssl=1","jetpack_sharing_enabled":true,"_links":{"self":[{"href":"https:\/\/cdnoticias.com\/index.php\/wp-json\/wp\/v2\/posts\/3993","targetHints":{"allow":["GET"]}}],"collection":[{"href":"https:\/\/cdnoticias.com\/index.php\/wp-json\/wp\/v2\/posts"}],"about":[{"href":"https:\/\/cdnoticias.com\/index.php\/wp-json\/wp\/v2\/types\/post"}],"author":[{"embeddable":true,"href":"https:\/\/cdnoticias.com\/index.php\/wp-json\/wp\/v2\/users\/4"}],"replies":[{"embeddable":true,"href":"https:\/\/cdnoticias.com\/index.php\/wp-json\/wp\/v2\/comments?post=3993"}],"version-history":[{"count":0,"href":"https:\/\/cdnoticias.com\/index.php\/wp-json\/wp\/v2\/posts\/3993\/revisions"}],"wp:featuredmedia":[{"embeddable":true,"href":"https:\/\/cdnoticias.com\/index.php\/wp-json\/wp\/v2\/media\/961"}],"wp:attachment":[{"href":"https:\/\/cdnoticias.com\/index.php\/wp-json\/wp\/v2\/media?parent=3993"}],"wp:term":[{"taxonomy":"category","embeddable":true,"href":"https:\/\/cdnoticias.com\/index.php\/wp-json\/wp\/v2\/categories?post=3993"},{"taxonomy":"post_tag","embeddable":true,"href":"https:\/\/cdnoticias.com\/index.php\/wp-json\/wp\/v2\/tags?post=3993"}],"curies":[{"name":"wp","href":"https:\/\/api.w.org\/{rel}","templated":true}]}}