{"id":39920,"date":"2021-11-26T17:14:00","date_gmt":"2021-11-26T21:56:24","guid":{"rendered":"http:\/\/www.centraldenoticias.com.ar\/?p=39920"},"modified":"2025-02-02T01:05:31","modified_gmt":"2025-02-02T04:05:31","slug":"juegos-panamericanos-junior-estreno-en-la-seleccion-albiceleste-para-ludmila-posse","status":"publish","type":"post","link":"https:\/\/cdnoticias.com\/index.php\/2021\/11\/26\/juegos-panamericanos-junior-estreno-en-la-seleccion-albiceleste-para-ludmila-posse\/","title":{"rendered":"Juegos Panamericanos Junior: estreno en la selecci\u00f3n \u201calbiceleste\u201d para Ludmila Posse"},"content":{"rendered":"<p>El ciclismo tuvo su estreno en la jornada inaugural en los Panamericanos, fue en el Vel\u00f3dromo Alcides Nieto donde debut\u00f3 la olavarriense Ludmila Posse, siendo parte de la cuaterna femenina.<br \/>\n<!--more--><\/p>\n<hr \/>\n<p>Ludmila Posse integr\u00f3 el equipo de persecuci\u00f3n junto a Maribel Aguirre, Magal\u00ed Balmaceda, y Geraldine Massuchini que tuvo su presentaci\u00f3n y qued\u00f3 en la sexta colocaci\u00f3n en la etapa clasificatoria.<\/p>\n<p>&nbsp;<\/p>\n<p>La salida a pista de la olavarriense fue el debut en los Juegos Panamericanos para la deportista que compiti\u00f3 contra representantes de Colombia, M\u00e9xico, Chile, Brasil y Ecuador.<\/p>\n<p>&nbsp;<\/p>\n<p>El equipo nacional finaliz\u00f3 con 30045 puntos en la sexta colocaci\u00f3n y no lleg\u00f3 a la chance de buscar una medalla.<\/p>\n","protected":false},"excerpt":{"rendered":"<p>El ciclismo tuvo su estreno en la jornada inaugural en los Panamericanos, fue en el Vel\u00f3dromo Alcides Nieto donde debut\u00f3<\/p>\n","protected":false},"author":96739694,"featured_media":0,"comment_status":"closed","ping_status":"closed","sticky":false,"template":"","format":"standard","meta":{"_jetpack_memberships_contains_paid_content":false,"footnotes":""},"categories":[30,1],"tags":[],"class_list":["post-39920","post","type-post","status-publish","format-standard","hentry","category-polideportivo","category-portada"],"jetpack_featured_media_url":"","jetpack_sharing_enabled":true,"_links":{"self":[{"href":"https:\/\/cdnoticias.com\/index.php\/wp-json\/wp\/v2\/posts\/39920","targetHints":{"allow":["GET"]}}],"collection":[{"href":"https:\/\/cdnoticias.com\/index.php\/wp-json\/wp\/v2\/posts"}],"about":[{"href":"https:\/\/cdnoticias.com\/index.php\/wp-json\/wp\/v2\/types\/post"}],"author":[{"embeddable":true,"href":"https:\/\/cdnoticias.com\/index.php\/wp-json\/wp\/v2\/users\/96739694"}],"replies":[{"embeddable":true,"href":"https:\/\/cdnoticias.com\/index.php\/wp-json\/wp\/v2\/comments?post=39920"}],"version-history":[{"count":0,"href":"https:\/\/cdnoticias.com\/index.php\/wp-json\/wp\/v2\/posts\/39920\/revisions"}],"wp:attachment":[{"href":"https:\/\/cdnoticias.com\/index.php\/wp-json\/wp\/v2\/media?parent=39920"}],"wp:term":[{"taxonomy":"category","embeddable":true,"href":"https:\/\/cdnoticias.com\/index.php\/wp-json\/wp\/v2\/categories?post=39920"},{"taxonomy":"post_tag","embeddable":true,"href":"https:\/\/cdnoticias.com\/index.php\/wp-json\/wp\/v2\/tags?post=39920"}],"curies":[{"name":"wp","href":"https:\/\/api.w.org\/{rel}","templated":true}]}}