{"id":39904,"date":"2021-11-26T16:38:51","date_gmt":"2021-11-26T19:38:51","guid":{"rendered":"http:\/\/www.centraldenoticias.com.ar\/?p=39904"},"modified":"2021-11-26T16:38:51","modified_gmt":"2021-11-26T19:38:51","slug":"este-sabado-se-presenta-la-banda-edicion-limitada","status":"publish","type":"post","link":"https:\/\/cdnoticias.com\/index.php\/2021\/11\/26\/este-sabado-se-presenta-la-banda-edicion-limitada\/","title":{"rendered":"Este s\u00e1bado se presenta la banda Edici\u00f3n Limitada"},"content":{"rendered":"<p>Ser\u00e1 desde las 21:30 en un bar del microcentro. Las entradas se encuentran a la venta.<!--more--><\/p>\n<hr \/>\n<p>Este s\u00e1bado vuelve a tocar Edici\u00f3n Limitada, la banda conformada por<strong> Santiago Wally, Roberto Rosell\u00f3, Luciano Mangudo, Mat\u00edas Alegre y Gabriela Niebla.<\/strong><\/p>\n<p>&nbsp;<\/p>\n<p>Estar\u00e1n haciendo <strong>temas propios y versiones del rock y pop nacional e internacional.<\/strong><\/p>\n<p>&nbsp;<\/p>\n<blockquote><p>Ser\u00e1 este s\u00e1bado 27 de noviembre a las 21:30 en La Usina, Alsina 2570.<\/p><\/blockquote>\n<p>&nbsp;<\/p>\n<p>Las entradas anticipadas tienen un valor de $400 y pueden conseguirse escribiendo al celular<strong> 2284 \u2013 523050.<\/strong> Tambi\u00e9n pueden adquirirse en puerta, unos minutos antes del show, a $500.<\/p>\n","protected":false},"excerpt":{"rendered":"<p>Ser\u00e1 desde las 21:30 en un bar del microcentro. Las entradas se encuentran a la venta.<\/p>\n","protected":false},"author":5,"featured_media":0,"comment_status":"closed","ping_status":"closed","sticky":false,"template":"","format":"standard","meta":{"_jetpack_memberships_contains_paid_content":false,"footnotes":""},"categories":[9,1],"tags":[],"class_list":["post-39904","post","type-post","status-publish","format-standard","hentry","category-cultura","category-portada"],"jetpack_featured_media_url":"","jetpack_sharing_enabled":true,"_links":{"self":[{"href":"https:\/\/cdnoticias.com\/index.php\/wp-json\/wp\/v2\/posts\/39904","targetHints":{"allow":["GET"]}}],"collection":[{"href":"https:\/\/cdnoticias.com\/index.php\/wp-json\/wp\/v2\/posts"}],"about":[{"href":"https:\/\/cdnoticias.com\/index.php\/wp-json\/wp\/v2\/types\/post"}],"author":[{"embeddable":true,"href":"https:\/\/cdnoticias.com\/index.php\/wp-json\/wp\/v2\/users\/5"}],"replies":[{"embeddable":true,"href":"https:\/\/cdnoticias.com\/index.php\/wp-json\/wp\/v2\/comments?post=39904"}],"version-history":[{"count":0,"href":"https:\/\/cdnoticias.com\/index.php\/wp-json\/wp\/v2\/posts\/39904\/revisions"}],"wp:attachment":[{"href":"https:\/\/cdnoticias.com\/index.php\/wp-json\/wp\/v2\/media?parent=39904"}],"wp:term":[{"taxonomy":"category","embeddable":true,"href":"https:\/\/cdnoticias.com\/index.php\/wp-json\/wp\/v2\/categories?post=39904"},{"taxonomy":"post_tag","embeddable":true,"href":"https:\/\/cdnoticias.com\/index.php\/wp-json\/wp\/v2\/tags?post=39904"}],"curies":[{"name":"wp","href":"https:\/\/api.w.org\/{rel}","templated":true}]}}