{"id":39817,"date":"2021-11-26T10:11:52","date_gmt":"2021-11-26T13:11:52","guid":{"rendered":"http:\/\/www.centraldenoticias.com.ar\/?p=39817"},"modified":"2021-11-26T12:21:48","modified_gmt":"2021-11-26T15:21:48","slug":"en-lo-que-va-del-ano-se-iniciaron-78-causas-en-la-ayudantia-de-delitos-rurales","status":"publish","type":"post","link":"https:\/\/cdnoticias.com\/index.php\/2021\/11\/26\/en-lo-que-va-del-ano-se-iniciaron-78-causas-en-la-ayudantia-de-delitos-rurales\/","title":{"rendered":"En lo que va del a\u00f1o se iniciaron 78 causas en la Ayudant\u00eda de delitos rurales"},"content":{"rendered":"<p>Se trata de un informe emitido por la dependencia: 82% fue por abigeatos. Se impulsaron allanamientos en 35 domicilios. El contacto con otras instituciones locales de la UFI a cargo del fiscal Lucas Moyano.<!--more--><\/p>\n<hr \/>\n<p><strong>La Ayudant\u00eda Fiscal Especializada en Abigeatos y Delitos Conexos de Olavarr\u00eda emiti\u00f3 un informe que da cuenta de su labor entre el 1\u00b0 de enero y el 31 de octubre<\/strong>: en estos diez meses del a\u00f1o<strong> se iniciaron 78 causas penales<\/strong>.<\/p>\n<p>&nbsp;<\/p>\n<p>El personal de la dependencia, encabezado por <strong>el fiscal Lucas Moyano de Olavarr\u00eda<\/strong>, brind\u00f3 informaci\u00f3n del tipo de causas penales iniciadas, as\u00ed como de las medidas efectuadas en el marco de las investigaciones.<\/p>\n<p>&nbsp;<\/p>\n<blockquote><p>Del total de las causas iniciadas, 78,2% corresponden a denuncias por abigeato: 61 causas. Esta tipificaci\u00f3n penal aumenta su proporci\u00f3n hasta superar 82% si se toma en cuenta que se contaron tres causas m\u00e1s caratuladas abigeato agravado.<\/p><\/blockquote>\n<p>&nbsp;<\/p>\n<p><img data-recalc-dims=\"1\" loading=\"lazy\" decoding=\"async\" class=\"size-full wp-image-39819 aligncenter\" src=\"https:\/\/i0.wp.com\/cdnoticias.com\/wp-content\/uploads\/2021\/11\/delitos-rurales-datos-00.jpg?resize=750%2C679&#038;ssl=1\" alt=\"\" width=\"750\" height=\"679\" srcset=\"https:\/\/i0.wp.com\/cdnoticias.com\/wp-content\/uploads\/2021\/11\/delitos-rurales-datos-00.jpg?w=750&amp;ssl=1 750w, https:\/\/i0.wp.com\/cdnoticias.com\/wp-content\/uploads\/2021\/11\/delitos-rurales-datos-00.jpg?resize=300%2C272&amp;ssl=1 300w\" sizes=\"auto, (max-width: 750px) 100vw, 750px\" \/><\/p>\n<p>&nbsp;<\/p>\n<p>Los <strong>agravantes denunciados<\/strong> se refirieron a hechos cometidos mediante <em>\u201cfuerza en las cosas o con violencia f\u00edsica en las personas\u201d<\/em> (2 causas) y con <em>\u201calteraci\u00f3n, supresi\u00f3n o falsificaci\u00f3n de marcas o se\u00f1ales\u201d<\/em> utilizadas para identificar al animal (1 causa).<\/p>\n<p>&nbsp;<\/p>\n<p>Otros 9 expedientes se iniciaron por <strong>\u201caveriguaci\u00f3n de il\u00edcito\u201d<\/strong> y en menores cantidades se dieron por hurto, da\u00f1o, tenencia ilegal de armas y violaci\u00f3n de leyes de polic\u00eda sanitaria animal.<\/p>\n<p>&nbsp;<\/p>\n<p>En esos diez meses del a\u00f1o <strong>se iniciaron m\u00e1s causas de las que egresaron de la Ayudant\u00eda<\/strong>: se archivaron 59 expedientes, mientras que se iniciaron 78 causas tal como se indic\u00f3 m\u00e1s arriba.<\/p>\n<p>&nbsp;<\/p>\n<blockquote><p>En cuanto a las tareas investigativas propias de la fiscal\u00eda, se detallaron 72 medidas: la mayor\u00eda fueron allanamientos -47%- y audiencias con los acusados o imputados -32%-. Tambi\u00e9n 8 causas se elevaron a juicio, se tomaron 3 medidas de detenci\u00f3n y 1 de aprehensi\u00f3n. Por \u00faltimo, se dispuso 1 intervenci\u00f3n telef\u00f3nica.<\/p><\/blockquote>\n<p>&nbsp;<\/p>\n<p><img data-recalc-dims=\"1\" loading=\"lazy\" decoding=\"async\" class=\"size-full wp-image-39820 aligncenter\" src=\"https:\/\/i0.wp.com\/cdnoticias.com\/wp-content\/uploads\/2021\/11\/delitos-rurales-datos-01.jpg?resize=758%2C593&#038;ssl=1\" alt=\"\" width=\"758\" height=\"593\" srcset=\"https:\/\/i0.wp.com\/cdnoticias.com\/wp-content\/uploads\/2021\/11\/delitos-rurales-datos-01.jpg?w=758&amp;ssl=1 758w, https:\/\/i0.wp.com\/cdnoticias.com\/wp-content\/uploads\/2021\/11\/delitos-rurales-datos-01.jpg?resize=300%2C235&amp;ssl=1 300w\" sizes=\"auto, (max-width: 758px) 100vw, 758px\" \/><\/p>\n<p>&nbsp;<\/p>\n<p>El <strong>equipo de trabajo de la Ayudant\u00eda Especializada<\/strong>, que forma parte de la UFI N\u00b0 19 local, se compone del<em> fiscal Lucas Moyano, el ayudante fiscal Juan Agust\u00edn Ma\u00f1ero, el secretario Diego Pluis y el administrativo Guillermo K\u00fcber<\/em>. Ellos elaboraron este informe basado en los registros internos de la dependencia del Ministerio P\u00fablico Fiscal.<\/p>\n<p>&nbsp;<\/p>\n<p><strong>La Ayudant\u00eda en di\u00e1logo con otras instituciones<\/strong><\/p>\n<p>&nbsp;<\/p>\n<p>Desde la Ayudant\u00eda se hizo saber que adem\u00e1s de llevar adelante las tareas propias de sus competencias investigativas, se plante\u00f3 como objetivo <strong>\u201cubicarla como un actor de intermediaci\u00f3n con las instituciones abocadas a la tem\u00e1tica rural, generando un canal de di\u00e1logo fluido y de interrelaci\u00f3n en pos del objetivo de control del abigeo\u201d<\/strong>.<\/p>\n<p>&nbsp;<\/p>\n<blockquote><p>En ese sentido, se destac\u00f3 la intenci\u00f3n de \u201cpromover acciones interdisciplinarias, en la inteligencia de que el trato personal entre los actores que conforman las instituciones potencia la colaboraci\u00f3n y el compromiso, as\u00ed como que allanan y permiten sortear demoras burocr\u00e1ticas propias de la organizaci\u00f3n Estatal, lo que redunda en una mejora en la prevenci\u00f3n del delito, e impacta positivamente en las investigaciones y su resoluci\u00f3n\u201d.<\/p><\/blockquote>\n<p>&nbsp;<\/p>\n<p><img data-recalc-dims=\"1\" loading=\"lazy\" decoding=\"async\" class=\"size-full wp-image-39335 aligncenter\" src=\"https:\/\/i0.wp.com\/cdnoticias.com\/wp-content\/uploads\/2021\/11\/foro-seguridad-rural-04.jpg?resize=800%2C600&#038;ssl=1\" alt=\"\" width=\"800\" height=\"600\" srcset=\"https:\/\/i0.wp.com\/cdnoticias.com\/wp-content\/uploads\/2021\/11\/foro-seguridad-rural-04.jpg?w=800&amp;ssl=1 800w, https:\/\/i0.wp.com\/cdnoticias.com\/wp-content\/uploads\/2021\/11\/foro-seguridad-rural-04.jpg?resize=300%2C225&amp;ssl=1 300w, https:\/\/i0.wp.com\/cdnoticias.com\/wp-content\/uploads\/2021\/11\/foro-seguridad-rural-04.jpg?resize=768%2C576&amp;ssl=1 768w\" sizes=\"auto, (max-width: 800px) 100vw, 800px\" \/><\/p>\n<p>&nbsp;<\/p>\n<p>Se mencionaron en este marco diversas reuniones que mantiene peri\u00f3dicamente la fiscal\u00eda a cargo del doctor Lucas Moyano con referentes de<strong> distintas instituciones locales vinculadas a la actividad rural<\/strong>, entre ellas <em>\u201cSociedad Rural de Olavarr\u00eda, Funsaga, Senasa, Juzgado de Faltas, personal de Bromatolog\u00eda Municipal, veterinarios, y con el personal de la Patrulla Rural. A la vez que se participa del Consejo de Seguridad Municipal\u201d<\/em>.<\/p>\n<p>&nbsp;<\/p>\n<p>Cabe se\u00f1alar adem\u00e1s que el fin de semana pasado, <strong>tanto Moyano como Ma\u00f1ero participaron tambi\u00e9n del Foro de Seguridad Rural Argentino que llev\u00f3 adelante la Sociedad Rural Argentina en Olavarr\u00eda<\/strong> con la participaci\u00f3n de representantes del sector rural de distintos puntos del pa\u00eds, expertos en seguridad y <a href=\"https:\/\/cdnoticias.com\/index.php\/2021\/11\/20\/la-importancia-de-atender-seriamente-los-delitos-en-el-ambito-rural\/\" target=\"_blank\" rel=\"noopener\">el Procurador General de la provincia de Buenos Aires, Julio Conte Grand<\/a>.<\/p>\n","protected":false},"excerpt":{"rendered":"<p>Se trata de un informe emitido por la dependencia: 82% fue por abigeatos. Se impulsaron allanamientos en 35 domicilios. El<\/p>\n","protected":false},"author":4,"featured_media":23554,"comment_status":"closed","ping_status":"closed","sticky":false,"template":"","format":"standard","meta":{"_jetpack_memberships_contains_paid_content":false,"footnotes":""},"categories":[14,1],"tags":[],"class_list":["post-39817","post","type-post","status-publish","format-standard","has-post-thumbnail","hentry","category-policiales","category-portada"],"jetpack_featured_media_url":"https:\/\/i0.wp.com\/cdnoticias.com\/wp-content\/uploads\/2021\/06\/WhatsApp-Image-2021-06-09-at-12.33.01.jpeg?fit=1280%2C640&ssl=1","jetpack_sharing_enabled":true,"_links":{"self":[{"href":"https:\/\/cdnoticias.com\/index.php\/wp-json\/wp\/v2\/posts\/39817","targetHints":{"allow":["GET"]}}],"collection":[{"href":"https:\/\/cdnoticias.com\/index.php\/wp-json\/wp\/v2\/posts"}],"about":[{"href":"https:\/\/cdnoticias.com\/index.php\/wp-json\/wp\/v2\/types\/post"}],"author":[{"embeddable":true,"href":"https:\/\/cdnoticias.com\/index.php\/wp-json\/wp\/v2\/users\/4"}],"replies":[{"embeddable":true,"href":"https:\/\/cdnoticias.com\/index.php\/wp-json\/wp\/v2\/comments?post=39817"}],"version-history":[{"count":0,"href":"https:\/\/cdnoticias.com\/index.php\/wp-json\/wp\/v2\/posts\/39817\/revisions"}],"wp:featuredmedia":[{"embeddable":true,"href":"https:\/\/cdnoticias.com\/index.php\/wp-json\/wp\/v2\/media\/23554"}],"wp:attachment":[{"href":"https:\/\/cdnoticias.com\/index.php\/wp-json\/wp\/v2\/media?parent=39817"}],"wp:term":[{"taxonomy":"category","embeddable":true,"href":"https:\/\/cdnoticias.com\/index.php\/wp-json\/wp\/v2\/categories?post=39817"},{"taxonomy":"post_tag","embeddable":true,"href":"https:\/\/cdnoticias.com\/index.php\/wp-json\/wp\/v2\/tags?post=39817"}],"curies":[{"name":"wp","href":"https:\/\/api.w.org\/{rel}","templated":true}]}}