{"id":39812,"date":"2021-11-26T08:32:13","date_gmt":"2021-11-26T11:32:13","guid":{"rendered":"http:\/\/www.centraldenoticias.com.ar\/?p=39812"},"modified":"2021-11-26T10:12:09","modified_gmt":"2021-11-26T13:12:09","slug":"kicillof-proyecta-subir-los-impuestos-un-52-con-mas-carga-sobre-quienes-mas-tienen","status":"publish","type":"post","link":"https:\/\/cdnoticias.com\/index.php\/2021\/11\/26\/kicillof-proyecta-subir-los-impuestos-un-52-con-mas-carga-sobre-quienes-mas-tienen\/","title":{"rendered":"Kicillof proyecta subir los impuestos un 52% con m\u00e1s carga sobre quienes m\u00e1s tienen"},"content":{"rendered":"<p>El Gobernador anticip\u00f3 los ejes del proyecto en el encuentro que mantuvo con los intendentes y las intendentas del Frente de Todos el mi\u00e9rcoles.<!--more--><\/p>\n<hr \/>\n<p><strong>El gobernador Axel Kicillof enviar\u00e1 el pr\u00f3ximo lunes a la Legislatura un proyecto de ley que contemplar\u00e1 subas de impuestos en torno al 52%<\/strong>, que acompa\u00f1ando la inflaci\u00f3n anual acumulada. Tal como adelant\u00f3 DIB, <strong>va a \u201cmantener la progresividad\u201d<\/strong>, por lo que podr\u00eda ocurrir que a los contribuyentes de grav\u00e1menes patrimoniales con mayores recursos se les aplique subas relativamente mayores.<\/p>\n<p>&nbsp;<\/p>\n<p>En el proyecto trabajaron el propio Kicillof,<strong> los ministros de Producci\u00f3n, Augusto Costa, y de Hacienda, Pablo L\u00f3pez; y el titular de la Agencia de Recaudaci\u00f3n de Buenos Aires (ARBA), Cristian Girard<\/strong>.<\/p>\n<p>&nbsp;<\/p>\n<figure id=\"attachment_25510\" aria-describedby=\"caption-attachment-25510\" style=\"width: 800px\" class=\"wp-caption aligncenter\"><img data-recalc-dims=\"1\" loading=\"lazy\" decoding=\"async\" class=\"wp-image-25510 size-full\" src=\"https:\/\/i0.wp.com\/cdnoticias.com\/wp-content\/uploads\/2021\/07\/ministro-pablo-lopez.jpg?resize=800%2C445&#038;ssl=1\" alt=\"\" width=\"800\" height=\"445\" srcset=\"https:\/\/i0.wp.com\/cdnoticias.com\/wp-content\/uploads\/2021\/07\/ministro-pablo-lopez.jpg?w=800&amp;ssl=1 800w, https:\/\/i0.wp.com\/cdnoticias.com\/wp-content\/uploads\/2021\/07\/ministro-pablo-lopez.jpg?resize=300%2C167&amp;ssl=1 300w, https:\/\/i0.wp.com\/cdnoticias.com\/wp-content\/uploads\/2021\/07\/ministro-pablo-lopez.jpg?resize=768%2C427&amp;ssl=1 768w\" sizes=\"auto, (max-width: 800px) 100vw, 800px\" \/><figcaption id=\"caption-attachment-25510\" class=\"wp-caption-text\">El gobernador Kiillof junto al ministro Pablo L\u00f3pez.<\/figcaption><\/figure>\n<p>&nbsp;<\/p>\n<p>El Gobernador <strong>anticip\u00f3 los ejes del proyecto en el encuentro que mantuvo con los intendentes y las intendentas del Frente de Todos (FdT)<\/strong> en La Plata el mi\u00e9rcoles, al que tambi\u00e9n asistieron ministros y legisladores provinciales, M\u00e1ximo Kirchner y el presidente de la C\u00e1mara de Diputados de la Naci\u00f3n, Sergio Massa.<\/p>\n<p>&nbsp;<\/p>\n<blockquote><p>El mandatario provincial expres\u00f3 en la citada reuni\u00f3n que el proyecto de Ley Fiscal 2022 deber\u00e1 apuntar a \u201crecuperar la inflaci\u00f3n del \u00faltimo a\u00f1o\u201d, y subray\u00f3 la necesidad de \u201climitar las alzas\u201d que impacten en los sectores de ingresos medios y bajos.<\/p><\/blockquote>\n<p>&nbsp;<\/p>\n<p>En esa l\u00ednea, <strong>se mantendr\u00e1n los beneficios destinados a pymes, empresas y aut\u00f3nomos de los sectores m\u00e1s afectados por la pandemia<\/strong>, como bonificaciones en Ingresos Brutos, reducci\u00f3n de al\u00edcuotas y planes de pago.<\/p>\n<p>&nbsp;<\/p>\n<p>Vale destacar que el Gobierno bonaerense tendr\u00e1<strong> un escenario de negociaci\u00f3n distinto para el proyecto<\/strong>, ya que en la futura Legislatura Juntos ya no ostentar\u00e1 la mayor\u00eda en el Senado.<\/p>\n<p>&nbsp;<\/p>\n<p>Fuente:<em> Agencia DIB<\/em><\/p>\n","protected":false},"excerpt":{"rendered":"<p>El Gobernador anticip\u00f3 los ejes del proyecto en el encuentro que mantuvo con los intendentes y las intendentas del Frente<\/p>\n","protected":false},"author":4,"featured_media":33492,"comment_status":"closed","ping_status":"closed","sticky":false,"template":"","format":"standard","meta":{"_jetpack_memberships_contains_paid_content":false,"footnotes":""},"categories":[6,1],"tags":[],"class_list":["post-39812","post","type-post","status-publish","format-standard","has-post-thumbnail","hentry","category-nacionales","category-portada"],"jetpack_featured_media_url":"https:\/\/i0.wp.com\/cdnoticias.com\/wp-content\/uploads\/2021\/09\/conferencia-kicillof-00.jpg?fit=687%2C382&ssl=1","jetpack_sharing_enabled":true,"_links":{"self":[{"href":"https:\/\/cdnoticias.com\/index.php\/wp-json\/wp\/v2\/posts\/39812","targetHints":{"allow":["GET"]}}],"collection":[{"href":"https:\/\/cdnoticias.com\/index.php\/wp-json\/wp\/v2\/posts"}],"about":[{"href":"https:\/\/cdnoticias.com\/index.php\/wp-json\/wp\/v2\/types\/post"}],"author":[{"embeddable":true,"href":"https:\/\/cdnoticias.com\/index.php\/wp-json\/wp\/v2\/users\/4"}],"replies":[{"embeddable":true,"href":"https:\/\/cdnoticias.com\/index.php\/wp-json\/wp\/v2\/comments?post=39812"}],"version-history":[{"count":0,"href":"https:\/\/cdnoticias.com\/index.php\/wp-json\/wp\/v2\/posts\/39812\/revisions"}],"wp:featuredmedia":[{"embeddable":true,"href":"https:\/\/cdnoticias.com\/index.php\/wp-json\/wp\/v2\/media\/33492"}],"wp:attachment":[{"href":"https:\/\/cdnoticias.com\/index.php\/wp-json\/wp\/v2\/media?parent=39812"}],"wp:term":[{"taxonomy":"category","embeddable":true,"href":"https:\/\/cdnoticias.com\/index.php\/wp-json\/wp\/v2\/categories?post=39812"},{"taxonomy":"post_tag","embeddable":true,"href":"https:\/\/cdnoticias.com\/index.php\/wp-json\/wp\/v2\/tags?post=39812"}],"curies":[{"name":"wp","href":"https:\/\/api.w.org\/{rel}","templated":true}]}}