{"id":39733,"date":"2021-11-25T15:37:16","date_gmt":"2021-11-25T18:37:16","guid":{"rendered":"http:\/\/www.centraldenoticias.com.ar\/?p=39733"},"modified":"2021-11-25T15:37:16","modified_gmt":"2021-11-25T18:37:16","slug":"diagnostico-y-propuesta-educacional-del-colectivo-lgtbiq-de-olavarria","status":"publish","type":"post","link":"https:\/\/cdnoticias.com\/index.php\/2021\/11\/25\/diagnostico-y-propuesta-educacional-del-colectivo-lgtbiq-de-olavarria\/","title":{"rendered":"Diagn\u00f3stico y propuesta educacional del colectivo LGTBIQ+ de Olavarr\u00eda"},"content":{"rendered":"<p>Es una presentaci\u00f3n que se har\u00e1 este viernes en la Jefatura de Educaci\u00f3n Regional de Olavarr\u00eda.<!--more--><\/p>\n<hr \/>\n<p><strong>Este viernes a las 13<\/strong> en la Jefatura de Educaci\u00f3n de la Regi\u00f3n 25 se har\u00e1 la <strong>presentaci\u00f3n de los resultados de una encuesta y diagn\u00f3stico<\/strong> sobre la <strong>situaci\u00f3n laboral y educacional del colectivo LGTBIQ+ de Olavarr\u00eda<\/strong>.<\/p>\n<p>&nbsp;<\/p>\n<p>Adem\u00e1s de autoridades regionales, estar\u00e1 el jefe de Educaci\u00f3n Distrital de Olavarr\u00eda, Julio Ben\u00edtez, quien destac\u00f3 que adem\u00e1s <strong>se presentar\u00e1 una propuesta educativa pensada para ese colectivo<\/strong>.<\/p>\n","protected":false},"excerpt":{"rendered":"<p>Es una presentaci\u00f3n que se har\u00e1 este viernes en la Jefatura de Educaci\u00f3n Regional de Olavarr\u00eda.<\/p>\n","protected":false},"author":4,"featured_media":13085,"comment_status":"closed","ping_status":"closed","sticky":false,"template":"","format":"standard","meta":{"_jetpack_memberships_contains_paid_content":false,"footnotes":""},"categories":[3,1],"tags":[],"class_list":["post-39733","post","type-post","status-publish","format-standard","has-post-thumbnail","hentry","category-genero","category-portada"],"jetpack_featured_media_url":"https:\/\/i0.wp.com\/cdnoticias.com\/wp-content\/uploads\/2021\/02\/118621980_10224609647288003_5070254295737944182_n.jpg?fit=958%2C707&ssl=1","jetpack_sharing_enabled":true,"_links":{"self":[{"href":"https:\/\/cdnoticias.com\/index.php\/wp-json\/wp\/v2\/posts\/39733","targetHints":{"allow":["GET"]}}],"collection":[{"href":"https:\/\/cdnoticias.com\/index.php\/wp-json\/wp\/v2\/posts"}],"about":[{"href":"https:\/\/cdnoticias.com\/index.php\/wp-json\/wp\/v2\/types\/post"}],"author":[{"embeddable":true,"href":"https:\/\/cdnoticias.com\/index.php\/wp-json\/wp\/v2\/users\/4"}],"replies":[{"embeddable":true,"href":"https:\/\/cdnoticias.com\/index.php\/wp-json\/wp\/v2\/comments?post=39733"}],"version-history":[{"count":0,"href":"https:\/\/cdnoticias.com\/index.php\/wp-json\/wp\/v2\/posts\/39733\/revisions"}],"wp:featuredmedia":[{"embeddable":true,"href":"https:\/\/cdnoticias.com\/index.php\/wp-json\/wp\/v2\/media\/13085"}],"wp:attachment":[{"href":"https:\/\/cdnoticias.com\/index.php\/wp-json\/wp\/v2\/media?parent=39733"}],"wp:term":[{"taxonomy":"category","embeddable":true,"href":"https:\/\/cdnoticias.com\/index.php\/wp-json\/wp\/v2\/categories?post=39733"},{"taxonomy":"post_tag","embeddable":true,"href":"https:\/\/cdnoticias.com\/index.php\/wp-json\/wp\/v2\/tags?post=39733"}],"curies":[{"name":"wp","href":"https:\/\/api.w.org\/{rel}","templated":true}]}}