{"id":3972,"date":"2020-10-15T09:14:37","date_gmt":"2020-10-15T12:14:37","guid":{"rendered":"http:\/\/www.centraldenoticias.com.ar\/?p=3972"},"modified":"2020-10-15T09:21:28","modified_gmt":"2020-10-15T12:21:28","slug":"como-sera-la-movilizacion-virtual-75octubres","status":"publish","type":"post","link":"https:\/\/cdnoticias.com\/index.php\/2020\/10\/15\/como-sera-la-movilizacion-virtual-75octubres\/","title":{"rendered":"C\u00f3mo ser\u00e1 la movilizaci\u00f3n virtual #75octubres"},"content":{"rendered":"<p>El presidente del PJ local, Federico Aguilera, se reuni\u00f3 con otras autoridades partidarias bonaerenses por el armado de la movilizaci\u00f3n virtual del 17 de Octubre. Detalles del acceso y la forma de participaci\u00f3n.<!--more--><\/p>\n<hr \/>\n<p><strong>El presidente del PJ olavarriense, Federico Aguilera, se reuni\u00f3 con m\u00e1s de 100 directivos del Partido Justicialista de la provincia de Buenos Aires<\/strong> para ultimar detalles de cara a la movilizaci\u00f3n virtual que se realizar\u00e1 el 17 de Octubre.<\/p>\n<p>\u201cEn el marco de un nuevo aniversario por el d\u00eda de la lealtad peronista, desde el PJ Olavarr\u00eda invitan a toda la comunidad a sumarse <strong>este s\u00e1bado a partir de las 13 horas al acto nacional para conmemorar el d\u00eda de la lealtad<\/strong>\u201d se indic\u00f3 desde el partido. El acto se convoc\u00f3 con el lema <strong>#75octubres<\/strong>.<\/p>\n<p>Para participar se ingresa a trav\u00e9s de <strong>la p\u00e1gina 75octubres.ar<\/strong>, una plataforma que permitir\u00e1 llevar adelante la movilizaci\u00f3n en el espacio virtual. Se destac\u00f3 que \u201ctodas las personas estar\u00e1n bajo una misma consigna y en un mismo lugar para compartir un hecho hist\u00f3rico\u201d.<\/p>\n<p><img data-recalc-dims=\"1\" loading=\"lazy\" decoding=\"async\" class=\"aligncenter wp-image-3974\" src=\"https:\/\/i0.wp.com\/cdnoticias.com\/wp-content\/uploads\/2020\/10\/PJ1.jpg?resize=450%2C208&#038;ssl=1\" alt=\"\" width=\"450\" height=\"208\" srcset=\"https:\/\/i0.wp.com\/cdnoticias.com\/wp-content\/uploads\/2020\/10\/PJ1.jpg?resize=300%2C139&amp;ssl=1 300w, https:\/\/i0.wp.com\/cdnoticias.com\/wp-content\/uploads\/2020\/10\/PJ1.jpg?resize=768%2C355&amp;ssl=1 768w, https:\/\/i0.wp.com\/cdnoticias.com\/wp-content\/uploads\/2020\/10\/PJ1.jpg?w=980&amp;ssl=1 980w\" sizes=\"auto, (max-width: 450px) 100vw, 450px\" \/><\/p>\n<p>Al evento se podr\u00e1 ingresar desde cualquier tipo de dispositivo, computadora de escritorio, tableta, celular o SmartTV. <strong>No se requiere descargar programas ni aplicaciones, ni tampoco registrarse ni dejar datos personales<\/strong>. En el ingreso a la p\u00e1gina se expondr\u00e1n las instrucciones para la participaci\u00f3n.<\/p>\n<p>\u201cCabe destacar que el 17 de octubre de 1945 se recuerda como el d\u00eda en que la movilizaci\u00f3n obrera y sindical exigi\u00f3 la liberaci\u00f3n del entonces Coronel Juan Domingo Per\u00f3n, quien desde la Secretar\u00eda de Trabajo y Previsi\u00f3n Social hab\u00eda impulsado y promovido una gran ampliaci\u00f3n derechos de los trabajadores\u201d se record\u00f3 en torno a la fecha.<\/p>\n","protected":false},"excerpt":{"rendered":"<p>El presidente del PJ local, Federico Aguilera, se reuni\u00f3 con otras autoridades partidarias bonaerenses por el armado de la movilizaci\u00f3n<\/p>\n","protected":false},"author":4,"featured_media":3973,"comment_status":"closed","ping_status":"closed","sticky":false,"template":"","format":"standard","meta":{"_jetpack_memberships_contains_paid_content":false,"footnotes":""},"categories":[4,1],"tags":[],"class_list":["post-3972","post","type-post","status-publish","format-standard","has-post-thumbnail","hentry","category-politica","category-portada"],"jetpack_featured_media_url":"https:\/\/i0.wp.com\/cdnoticias.com\/wp-content\/uploads\/2020\/10\/PJ.jpeg?fit=1280%2C719&ssl=1","jetpack_sharing_enabled":true,"_links":{"self":[{"href":"https:\/\/cdnoticias.com\/index.php\/wp-json\/wp\/v2\/posts\/3972","targetHints":{"allow":["GET"]}}],"collection":[{"href":"https:\/\/cdnoticias.com\/index.php\/wp-json\/wp\/v2\/posts"}],"about":[{"href":"https:\/\/cdnoticias.com\/index.php\/wp-json\/wp\/v2\/types\/post"}],"author":[{"embeddable":true,"href":"https:\/\/cdnoticias.com\/index.php\/wp-json\/wp\/v2\/users\/4"}],"replies":[{"embeddable":true,"href":"https:\/\/cdnoticias.com\/index.php\/wp-json\/wp\/v2\/comments?post=3972"}],"version-history":[{"count":0,"href":"https:\/\/cdnoticias.com\/index.php\/wp-json\/wp\/v2\/posts\/3972\/revisions"}],"wp:featuredmedia":[{"embeddable":true,"href":"https:\/\/cdnoticias.com\/index.php\/wp-json\/wp\/v2\/media\/3973"}],"wp:attachment":[{"href":"https:\/\/cdnoticias.com\/index.php\/wp-json\/wp\/v2\/media?parent=3972"}],"wp:term":[{"taxonomy":"category","embeddable":true,"href":"https:\/\/cdnoticias.com\/index.php\/wp-json\/wp\/v2\/categories?post=3972"},{"taxonomy":"post_tag","embeddable":true,"href":"https:\/\/cdnoticias.com\/index.php\/wp-json\/wp\/v2\/tags?post=3972"}],"curies":[{"name":"wp","href":"https:\/\/api.w.org\/{rel}","templated":true}]}}