{"id":39717,"date":"2021-11-25T12:57:29","date_gmt":"2021-11-25T15:57:29","guid":{"rendered":"http:\/\/www.centraldenoticias.com.ar\/?p=39717"},"modified":"2021-11-25T15:00:44","modified_gmt":"2021-11-25T18:00:44","slug":"ya-se-arma-la-fiesta-en-el-parque-helios-eseverri-cambios-en-la-grilla-de-shows","status":"publish","type":"post","link":"https:\/\/cdnoticias.com\/index.php\/2021\/11\/25\/ya-se-arma-la-fiesta-en-el-parque-helios-eseverri-cambios-en-la-grilla-de-shows\/","title":{"rendered":"Ya se arma la fiesta en el Parque Helios Eseverri: cambios en la grilla de shows"},"content":{"rendered":"<p>El patio de comidas abrir\u00e1 hacia las 14. Se corri\u00f3 el horario de inicio de los espect\u00e1culos hasta las 16. Recorrida por el predio.<!--more--><\/p>\n<hr \/>\n<p><strong>En el Parque Helios Eseverri ya est\u00e1 en pleno montaje el escenario para los shows art\u00edsticos y el cierre con Los Pericos<\/strong>.\u00a0<strong>Central de Noticias<\/strong> recorri\u00f3 el predio poco antes del mediod\u00eda. <a href=\"https:\/\/cdnoticias.com\/index.php\/2021\/11\/25\/donde-se-haran-los-cortes-de-transito-por-la-fiesta-aniversario\/\" target=\"_blank\" rel=\"noopener\">Los cortes de calles ya est\u00e1n dispuestos<\/a>.<\/p>\n<p>&nbsp;<\/p>\n<blockquote><p>Debido a las condiciones clim\u00e1ticas, la organizaci\u00f3n tuvo algunos cambios: habr\u00e1 menos artistas que los inicialmente anunciados y se dispuso un corrimiento de aproximadamente dos horas para todas las actividades.<\/p><\/blockquote>\n<p>&nbsp;<\/p>\n<p><img data-recalc-dims=\"1\" loading=\"lazy\" decoding=\"async\" class=\"size-full wp-image-39721 aligncenter\" src=\"https:\/\/i0.wp.com\/cdnoticias.com\/wp-content\/uploads\/2021\/11\/fiesta-aniversario-03.jpg?resize=800%2C600&#038;ssl=1\" alt=\"\" width=\"800\" height=\"600\" srcset=\"https:\/\/i0.wp.com\/cdnoticias.com\/wp-content\/uploads\/2021\/11\/fiesta-aniversario-03.jpg?w=800&amp;ssl=1 800w, https:\/\/i0.wp.com\/cdnoticias.com\/wp-content\/uploads\/2021\/11\/fiesta-aniversario-03.jpg?resize=300%2C225&amp;ssl=1 300w, https:\/\/i0.wp.com\/cdnoticias.com\/wp-content\/uploads\/2021\/11\/fiesta-aniversario-03.jpg?resize=768%2C576&amp;ssl=1 768w\" sizes=\"auto, (max-width: 800px) 100vw, 800px\" \/><\/p>\n<p>&nbsp;<\/p>\n<p>En ese sentido, se inform\u00f3 que<strong> \u201cla apertura del patio de comidas se realizar\u00e1 a las 14 horas\u201d<\/strong>. En paralelo se habilitar\u00e1n las ferias de artesanos.<\/p>\n<p>&nbsp;<\/p>\n<p><strong>En cuanto a los shows que se presentar\u00e1n en el escenario, se prev\u00e9 que comenzar\u00e1n a las 16<\/strong>.<\/p>\n<p>&nbsp;<\/p>\n<p><img data-recalc-dims=\"1\" loading=\"lazy\" decoding=\"async\" class=\"size-full wp-image-39723 aligncenter\" src=\"https:\/\/i0.wp.com\/cdnoticias.com\/wp-content\/uploads\/2021\/11\/fiesta-aniversario-05.jpg?resize=800%2C445&#038;ssl=1\" alt=\"\" width=\"800\" height=\"445\" srcset=\"https:\/\/i0.wp.com\/cdnoticias.com\/wp-content\/uploads\/2021\/11\/fiesta-aniversario-05.jpg?w=800&amp;ssl=1 800w, https:\/\/i0.wp.com\/cdnoticias.com\/wp-content\/uploads\/2021\/11\/fiesta-aniversario-05.jpg?resize=300%2C167&amp;ssl=1 300w, https:\/\/i0.wp.com\/cdnoticias.com\/wp-content\/uploads\/2021\/11\/fiesta-aniversario-05.jpg?resize=768%2C427&amp;ssl=1 768w\" sizes=\"auto, (max-width: 800px) 100vw, 800px\" \/><\/p>\n<p><img data-recalc-dims=\"1\" loading=\"lazy\" decoding=\"async\" class=\"size-full wp-image-39722 aligncenter\" src=\"https:\/\/i0.wp.com\/cdnoticias.com\/wp-content\/uploads\/2021\/11\/fiesta-aniversario-04.jpg?resize=800%2C445&#038;ssl=1\" alt=\"\" width=\"800\" height=\"445\" srcset=\"https:\/\/i0.wp.com\/cdnoticias.com\/wp-content\/uploads\/2021\/11\/fiesta-aniversario-04.jpg?w=800&amp;ssl=1 800w, https:\/\/i0.wp.com\/cdnoticias.com\/wp-content\/uploads\/2021\/11\/fiesta-aniversario-04.jpg?resize=300%2C167&amp;ssl=1 300w, https:\/\/i0.wp.com\/cdnoticias.com\/wp-content\/uploads\/2021\/11\/fiesta-aniversario-04.jpg?resize=768%2C427&amp;ssl=1 768w\" sizes=\"auto, (max-width: 800px) 100vw, 800px\" \/><\/p>\n<p>&nbsp;<\/p>\n<p>En el cronograma, cuyos cambios se determinaron en las \u00faltimas horas, se contar\u00e1n:<\/p>\n<p>&nbsp;<\/p>\n<ul>\n<li>Carla Moura<\/li>\n<li>Alejandra \u00c1lvarez<\/li>\n<li>Madame Lu<\/li>\n<li>Las Rocker\u00edsticas<\/li>\n<li>Chicho Terez<\/li>\n<li>Profes Rocke&#8217;s<\/li>\n<li>Cami Pereyra<\/li>\n<li>La Familia Bermudez<\/li>\n<li>Lima Lim\u00f3n<\/li>\n<li>Los Pericos<\/li>\n<\/ul>\n<p>&nbsp;<\/p>\n<p><img data-recalc-dims=\"1\" loading=\"lazy\" decoding=\"async\" class=\"size-full wp-image-39719 aligncenter\" src=\"https:\/\/i0.wp.com\/cdnoticias.com\/wp-content\/uploads\/2021\/11\/fiesta-aniversario-01.jpg?resize=800%2C445&#038;ssl=1\" alt=\"\" width=\"800\" height=\"445\" srcset=\"https:\/\/i0.wp.com\/cdnoticias.com\/wp-content\/uploads\/2021\/11\/fiesta-aniversario-01.jpg?w=800&amp;ssl=1 800w, https:\/\/i0.wp.com\/cdnoticias.com\/wp-content\/uploads\/2021\/11\/fiesta-aniversario-01.jpg?resize=300%2C167&amp;ssl=1 300w, https:\/\/i0.wp.com\/cdnoticias.com\/wp-content\/uploads\/2021\/11\/fiesta-aniversario-01.jpg?resize=768%2C427&amp;ssl=1 768w\" sizes=\"auto, (max-width: 800px) 100vw, 800px\" \/><\/p>\n<p><img data-recalc-dims=\"1\" loading=\"lazy\" decoding=\"async\" class=\"size-full wp-image-39720 aligncenter\" src=\"https:\/\/i0.wp.com\/cdnoticias.com\/wp-content\/uploads\/2021\/11\/fiesta-aniversario-02.jpg?resize=800%2C445&#038;ssl=1\" alt=\"\" width=\"800\" height=\"445\" srcset=\"https:\/\/i0.wp.com\/cdnoticias.com\/wp-content\/uploads\/2021\/11\/fiesta-aniversario-02.jpg?w=800&amp;ssl=1 800w, https:\/\/i0.wp.com\/cdnoticias.com\/wp-content\/uploads\/2021\/11\/fiesta-aniversario-02.jpg?resize=300%2C167&amp;ssl=1 300w, https:\/\/i0.wp.com\/cdnoticias.com\/wp-content\/uploads\/2021\/11\/fiesta-aniversario-02.jpg?resize=768%2C427&amp;ssl=1 768w\" sizes=\"auto, (max-width: 800px) 100vw, 800px\" \/><\/p>\n<p><img data-recalc-dims=\"1\" loading=\"lazy\" decoding=\"async\" class=\"size-full wp-image-39724 aligncenter\" src=\"https:\/\/i0.wp.com\/cdnoticias.com\/wp-content\/uploads\/2021\/11\/fiesta-aniversario-06.jpg?resize=800%2C445&#038;ssl=1\" alt=\"\" width=\"800\" height=\"445\" srcset=\"https:\/\/i0.wp.com\/cdnoticias.com\/wp-content\/uploads\/2021\/11\/fiesta-aniversario-06.jpg?w=800&amp;ssl=1 800w, https:\/\/i0.wp.com\/cdnoticias.com\/wp-content\/uploads\/2021\/11\/fiesta-aniversario-06.jpg?resize=300%2C167&amp;ssl=1 300w, https:\/\/i0.wp.com\/cdnoticias.com\/wp-content\/uploads\/2021\/11\/fiesta-aniversario-06.jpg?resize=768%2C427&amp;ssl=1 768w\" sizes=\"auto, (max-width: 800px) 100vw, 800px\" \/><\/p>\n","protected":false},"excerpt":{"rendered":"<p>El patio de comidas abrir\u00e1 hacia las 14. Se corri\u00f3 el horario de inicio de los espect\u00e1culos hasta las 16.<\/p>\n","protected":false},"author":4,"featured_media":39718,"comment_status":"closed","ping_status":"closed","sticky":false,"template":"","format":"standard","meta":{"_jetpack_memberships_contains_paid_content":false,"footnotes":""},"categories":[9,1],"tags":[],"class_list":["post-39717","post","type-post","status-publish","format-standard","has-post-thumbnail","hentry","category-cultura","category-portada"],"jetpack_featured_media_url":"https:\/\/i0.wp.com\/cdnoticias.com\/wp-content\/uploads\/2021\/11\/fiesta-aniversario-00.jpg?fit=1000%2C556&ssl=1","jetpack_sharing_enabled":true,"_links":{"self":[{"href":"https:\/\/cdnoticias.com\/index.php\/wp-json\/wp\/v2\/posts\/39717","targetHints":{"allow":["GET"]}}],"collection":[{"href":"https:\/\/cdnoticias.com\/index.php\/wp-json\/wp\/v2\/posts"}],"about":[{"href":"https:\/\/cdnoticias.com\/index.php\/wp-json\/wp\/v2\/types\/post"}],"author":[{"embeddable":true,"href":"https:\/\/cdnoticias.com\/index.php\/wp-json\/wp\/v2\/users\/4"}],"replies":[{"embeddable":true,"href":"https:\/\/cdnoticias.com\/index.php\/wp-json\/wp\/v2\/comments?post=39717"}],"version-history":[{"count":0,"href":"https:\/\/cdnoticias.com\/index.php\/wp-json\/wp\/v2\/posts\/39717\/revisions"}],"wp:featuredmedia":[{"embeddable":true,"href":"https:\/\/cdnoticias.com\/index.php\/wp-json\/wp\/v2\/media\/39718"}],"wp:attachment":[{"href":"https:\/\/cdnoticias.com\/index.php\/wp-json\/wp\/v2\/media?parent=39717"}],"wp:term":[{"taxonomy":"category","embeddable":true,"href":"https:\/\/cdnoticias.com\/index.php\/wp-json\/wp\/v2\/categories?post=39717"},{"taxonomy":"post_tag","embeddable":true,"href":"https:\/\/cdnoticias.com\/index.php\/wp-json\/wp\/v2\/tags?post=39717"}],"curies":[{"name":"wp","href":"https:\/\/api.w.org\/{rel}","templated":true}]}}