{"id":39689,"date":"2021-11-25T10:04:19","date_gmt":"2021-11-25T13:04:19","guid":{"rendered":"http:\/\/www.centraldenoticias.com.ar\/?p=39689"},"modified":"2021-11-25T10:04:19","modified_gmt":"2021-11-25T13:04:19","slug":"se-suspendio-el-acto-protocolar-por-el-aniversario-de-olavarria","status":"publish","type":"post","link":"https:\/\/cdnoticias.com\/index.php\/2021\/11\/25\/se-suspendio-el-acto-protocolar-por-el-aniversario-de-olavarria\/","title":{"rendered":"Se suspendi\u00f3 el acto protocolar por el Aniversario de Olavarr\u00eda"},"content":{"rendered":"<p>Debido a las condiciones clim\u00e1ticas se suspendi\u00f3 el acto que iba a realizarse a las 10 en la Plaza \u00c1lvaro Barros.<!--more--><\/p>\n<hr \/>\n<p><strong>\u201cDebido a las condiciones clim\u00e1ticas, se suspende el acto protocolar por el 154\u00b0 Aniversario de Olavarr\u00eda\u201d<\/strong> se inform\u00f3 desde la Municipalidad.<\/p>\n<p>&nbsp;<\/p>\n<p>De esta manera <strong>qued\u00f3 sin efecto la actividad que iba a tener lugar desde las 10 de este jueves<\/strong> en la Plaza \u00c1lvaro Barros.<\/p>\n<p>&nbsp;<\/p>\n<p>Por ahora se mantiene el cronograma para la <a href=\"https:\/\/cdnoticias.com\/index.php\/2021\/11\/24\/a-horas-de-la-gran-fiesta-154o-aniversario-olavarria\/\" target=\"_blank\" rel=\"noopener\">Fiesta Aniversario en el Parque Helios Eseverri<\/a>.<\/p>\n<p>&nbsp;<\/p>\n","protected":false},"excerpt":{"rendered":"<p>Debido a las condiciones clim\u00e1ticas se suspendi\u00f3 el acto que iba a realizarse a las 10 en la Plaza \u00c1lvaro<\/p>\n","protected":false},"author":4,"featured_media":7414,"comment_status":"closed","ping_status":"closed","sticky":false,"template":"","format":"standard","meta":{"_jetpack_memberships_contains_paid_content":false,"footnotes":""},"categories":[5,1],"tags":[],"class_list":["post-39689","post","type-post","status-publish","format-standard","has-post-thumbnail","hentry","category-informacion-general","category-portada"],"jetpack_featured_media_url":"https:\/\/i0.wp.com\/cdnoticias.com\/wp-content\/uploads\/2020\/11\/aniversario10.jpg?fit=4608%2C3072&ssl=1","jetpack_sharing_enabled":true,"_links":{"self":[{"href":"https:\/\/cdnoticias.com\/index.php\/wp-json\/wp\/v2\/posts\/39689","targetHints":{"allow":["GET"]}}],"collection":[{"href":"https:\/\/cdnoticias.com\/index.php\/wp-json\/wp\/v2\/posts"}],"about":[{"href":"https:\/\/cdnoticias.com\/index.php\/wp-json\/wp\/v2\/types\/post"}],"author":[{"embeddable":true,"href":"https:\/\/cdnoticias.com\/index.php\/wp-json\/wp\/v2\/users\/4"}],"replies":[{"embeddable":true,"href":"https:\/\/cdnoticias.com\/index.php\/wp-json\/wp\/v2\/comments?post=39689"}],"version-history":[{"count":0,"href":"https:\/\/cdnoticias.com\/index.php\/wp-json\/wp\/v2\/posts\/39689\/revisions"}],"wp:featuredmedia":[{"embeddable":true,"href":"https:\/\/cdnoticias.com\/index.php\/wp-json\/wp\/v2\/media\/7414"}],"wp:attachment":[{"href":"https:\/\/cdnoticias.com\/index.php\/wp-json\/wp\/v2\/media?parent=39689"}],"wp:term":[{"taxonomy":"category","embeddable":true,"href":"https:\/\/cdnoticias.com\/index.php\/wp-json\/wp\/v2\/categories?post=39689"},{"taxonomy":"post_tag","embeddable":true,"href":"https:\/\/cdnoticias.com\/index.php\/wp-json\/wp\/v2\/tags?post=39689"}],"curies":[{"name":"wp","href":"https:\/\/api.w.org\/{rel}","templated":true}]}}