{"id":39683,"date":"2021-11-25T08:41:32","date_gmt":"2021-11-25T11:41:32","guid":{"rendered":"http:\/\/www.centraldenoticias.com.ar\/?p=39683"},"modified":"2021-11-25T08:41:32","modified_gmt":"2021-11-25T11:41:32","slug":"luisa-e-brown-viuda-de-rossi-perla-q-e-p-d","status":"publish","type":"post","link":"https:\/\/cdnoticias.com\/index.php\/2021\/11\/25\/luisa-e-brown-viuda-de-rossi-perla-q-e-p-d\/","title":{"rendered":"Luisa E. Brown viuda de Rossi &#8220;Perla&#8221; (Q.E.P.D.)"},"content":{"rendered":"<p>Falleci\u00f3 en Olavarr\u00eda el d\u00eda 24 de noviembre de 2021 a los 90 a\u00f1os de edad.<\/p>\n<p>&nbsp;<\/p>\n<p>Sus hijas: Susana y Andrea Rossi. Su hijo politico: Sergio Crozes. Sus nietos: Pablo y Diego Fischer; Romina e Ignacio Crozes. Su hermana: Lilian B. vda de Iriarte. Su hermana pol\u00edtica: Nelly Calder\u00f3n de Brown. Sus nietos pol\u00edticos, bisnietas, sobrinos, sobrinos pol\u00edticos y dem\u00e1s deudos participan su fallecimiento.<\/p>\n<p>&nbsp;<\/p>\n<p>Velatorio: Sala &#8220;D&#8221; de Espa\u00f1a 2942, comienza 7:30 horas. Responso: Capilla Ardiente. Inhumaci\u00f3n: Loma de Paz, jueves 25 de noviembre a las 9:30. Servicio adherido a Coopelectric.<\/p>\n<p>&nbsp;<\/p>\n<p>Barrio en el que viv\u00eda: Microcentro.<\/p>\n<p>&nbsp;<\/p>\n<p>Lugar de nacimiento: Bahia Blanca.<\/p>\n<p>&nbsp;<\/p>\n<p>Actividad que desarrollaba: Jubilada y Pensionada.<\/p>\n","protected":false},"excerpt":{"rendered":"<p>Falleci\u00f3 en Olavarr\u00eda el d\u00eda 24 de noviembre de 2021 a los 90 a\u00f1os de edad. &nbsp; Sus hijas: Susana<\/p>\n","protected":false},"author":4,"featured_media":0,"comment_status":"closed","ping_status":"closed","sticky":false,"template":"","format":"standard","meta":{"_jetpack_memberships_contains_paid_content":false,"footnotes":""},"categories":[10],"tags":[],"class_list":["post-39683","post","type-post","status-publish","format-standard","hentry","category-necrologicas"],"jetpack_featured_media_url":"","jetpack_sharing_enabled":true,"_links":{"self":[{"href":"https:\/\/cdnoticias.com\/index.php\/wp-json\/wp\/v2\/posts\/39683","targetHints":{"allow":["GET"]}}],"collection":[{"href":"https:\/\/cdnoticias.com\/index.php\/wp-json\/wp\/v2\/posts"}],"about":[{"href":"https:\/\/cdnoticias.com\/index.php\/wp-json\/wp\/v2\/types\/post"}],"author":[{"embeddable":true,"href":"https:\/\/cdnoticias.com\/index.php\/wp-json\/wp\/v2\/users\/4"}],"replies":[{"embeddable":true,"href":"https:\/\/cdnoticias.com\/index.php\/wp-json\/wp\/v2\/comments?post=39683"}],"version-history":[{"count":0,"href":"https:\/\/cdnoticias.com\/index.php\/wp-json\/wp\/v2\/posts\/39683\/revisions"}],"wp:attachment":[{"href":"https:\/\/cdnoticias.com\/index.php\/wp-json\/wp\/v2\/media?parent=39683"}],"wp:term":[{"taxonomy":"category","embeddable":true,"href":"https:\/\/cdnoticias.com\/index.php\/wp-json\/wp\/v2\/categories?post=39683"},{"taxonomy":"post_tag","embeddable":true,"href":"https:\/\/cdnoticias.com\/index.php\/wp-json\/wp\/v2\/tags?post=39683"}],"curies":[{"name":"wp","href":"https:\/\/api.w.org\/{rel}","templated":true}]}}