{"id":39681,"date":"2021-11-25T08:39:36","date_gmt":"2021-11-25T11:39:36","guid":{"rendered":"http:\/\/www.centraldenoticias.com.ar\/?p=39681"},"modified":"2021-11-25T08:39:36","modified_gmt":"2021-11-25T11:39:36","slug":"nelida-luisa-piriz-viuda-de-zlamberger-q-e-p-d","status":"publish","type":"post","link":"https:\/\/cdnoticias.com\/index.php\/2021\/11\/25\/nelida-luisa-piriz-viuda-de-zlamberger-q-e-p-d\/","title":{"rendered":"N\u00e9lida Luisa Piriz viuda de Zlamberger (Q.E.P.D.)"},"content":{"rendered":"<p>Falleci\u00f3 en Olavarr\u00eda el d\u00eda 24 de noviembre de 2021 a los 87 a\u00f1os de edad.<\/p>\n<p>&nbsp;<\/p>\n<p>Su hijo: Juan Gabriel y Guillermo Enrique. Sus nietos: Nicol\u00e1s, Federico y Karen. Su hija pol\u00edtica: Roxana. Sus bisnietos: Thiago y \u00c1mbar, y dem\u00e1s deudos participan su fallecimiento.<\/p>\n<p>&nbsp;<\/p>\n<p>Velatorio: Sala &#8220;B&#8221; de Espa\u00f1a 2942, comienza de 8 a 12. Responso: Capilla Ardiente. . Cremaci\u00f3n:\u00a0 Crematorio Pinos de Paz, en d\u00eda a confirmar. Servicio adherido a Coopelectric.<\/p>\n<p>&nbsp;<\/p>\n<p>Barrio en el que viv\u00eda: San Vicente.<\/p>\n<p>&nbsp;<\/p>\n<p>Lugar de nacimiento: Hinojo.<\/p>\n<p>&nbsp;<\/p>\n<p>Actividad que desarrollaba: Jubilada y Pensionada.<\/p>\n","protected":false},"excerpt":{"rendered":"<p>Falleci\u00f3 en Olavarr\u00eda el d\u00eda 24 de noviembre de 2021 a los 87 a\u00f1os de edad. &nbsp; Su hijo: Juan<\/p>\n","protected":false},"author":4,"featured_media":0,"comment_status":"closed","ping_status":"closed","sticky":false,"template":"","format":"standard","meta":{"_jetpack_memberships_contains_paid_content":false,"footnotes":""},"categories":[10],"tags":[],"class_list":["post-39681","post","type-post","status-publish","format-standard","hentry","category-necrologicas"],"jetpack_featured_media_url":"","jetpack_sharing_enabled":true,"_links":{"self":[{"href":"https:\/\/cdnoticias.com\/index.php\/wp-json\/wp\/v2\/posts\/39681","targetHints":{"allow":["GET"]}}],"collection":[{"href":"https:\/\/cdnoticias.com\/index.php\/wp-json\/wp\/v2\/posts"}],"about":[{"href":"https:\/\/cdnoticias.com\/index.php\/wp-json\/wp\/v2\/types\/post"}],"author":[{"embeddable":true,"href":"https:\/\/cdnoticias.com\/index.php\/wp-json\/wp\/v2\/users\/4"}],"replies":[{"embeddable":true,"href":"https:\/\/cdnoticias.com\/index.php\/wp-json\/wp\/v2\/comments?post=39681"}],"version-history":[{"count":0,"href":"https:\/\/cdnoticias.com\/index.php\/wp-json\/wp\/v2\/posts\/39681\/revisions"}],"wp:attachment":[{"href":"https:\/\/cdnoticias.com\/index.php\/wp-json\/wp\/v2\/media?parent=39681"}],"wp:term":[{"taxonomy":"category","embeddable":true,"href":"https:\/\/cdnoticias.com\/index.php\/wp-json\/wp\/v2\/categories?post=39681"},{"taxonomy":"post_tag","embeddable":true,"href":"https:\/\/cdnoticias.com\/index.php\/wp-json\/wp\/v2\/tags?post=39681"}],"curies":[{"name":"wp","href":"https:\/\/api.w.org\/{rel}","templated":true}]}}