{"id":39669,"date":"2021-11-25T09:22:32","date_gmt":"2021-11-25T12:22:32","guid":{"rendered":"http:\/\/www.centraldenoticias.com.ar\/?p=39669"},"modified":"2021-11-25T09:22:32","modified_gmt":"2021-11-25T12:22:32","slug":"ines-creimer-participo-del-primer-congreso-sobre-violencias-por-razones-de-genero","status":"publish","type":"post","link":"https:\/\/cdnoticias.com\/index.php\/2021\/11\/25\/ines-creimer-participo-del-primer-congreso-sobre-violencias-por-razones-de-genero\/","title":{"rendered":"In\u00e9s Creimer particip\u00f3 del Primer Congreso sobre violencias por razones de g\u00e9nero"},"content":{"rendered":"<p>La concejala destac\u00f3 la posibilidad de \u201cseguir dando los debates necesarios para hacer del pa\u00eds, la provincia y la ciudad el lugar que queremos habitar\u201d.<!--more--><\/p>\n<hr \/>\n<p>La concejala del Foro Olavarr\u00eda \u2013 Frente Renovador, In\u00e9s Creimer, particip\u00f3 en la tarde del mi\u00e9rcoles de la apertura del<strong> Primer Congreso sobre violencias por razones de g\u00e9nero.<\/strong><\/p>\n<p>&nbsp;<\/p>\n<p>El encuentro se concret\u00f3 en el Teatro Metro de la ciudad de La Plata. Estuvo encabezado por el Gobernador de la Provincia de Buenos Aires, Axel Kicillof, y las ministras de las Mujeres, Pol\u00edticas de G\u00e9nero y Diversidad Sexual, Estela D\u00edaz y Elizabeth G\u00f3mez Alcorta.<\/p>\n<p>&nbsp;<\/p>\n<p>Creimer manifest\u00f3 que <em>\u201csiempre es enriquecedor escuchar voces con una fuerte legitimidad, que nos ampl\u00eden las perspectivas y nos motiven a <strong>seguir dando los debates necesarios para hacer del pa\u00eds, la provincia y la ciudad el lugar que queremos habitar<\/strong>\u201d.<\/em><\/p>\n<p>&nbsp;<\/p>\n<p><img data-recalc-dims=\"1\" loading=\"lazy\" decoding=\"async\" class=\"size-large wp-image-39670 aligncenter\" src=\"https:\/\/i0.wp.com\/cdnoticias.com\/wp-content\/uploads\/2021\/11\/WhatsApp-Image-2021-11-24-at-20.49.08.jpeg?resize=800%2C533&#038;ssl=1\" alt=\"\" width=\"800\" height=\"533\" srcset=\"https:\/\/i0.wp.com\/cdnoticias.com\/wp-content\/uploads\/2021\/11\/WhatsApp-Image-2021-11-24-at-20.49.08.jpeg?resize=1024%2C682&amp;ssl=1 1024w, https:\/\/i0.wp.com\/cdnoticias.com\/wp-content\/uploads\/2021\/11\/WhatsApp-Image-2021-11-24-at-20.49.08.jpeg?resize=300%2C200&amp;ssl=1 300w, https:\/\/i0.wp.com\/cdnoticias.com\/wp-content\/uploads\/2021\/11\/WhatsApp-Image-2021-11-24-at-20.49.08.jpeg?resize=768%2C511&amp;ssl=1 768w, https:\/\/i0.wp.com\/cdnoticias.com\/wp-content\/uploads\/2021\/11\/WhatsApp-Image-2021-11-24-at-20.49.08.jpeg?resize=272%2C182&amp;ssl=1 272w, https:\/\/i0.wp.com\/cdnoticias.com\/wp-content\/uploads\/2021\/11\/WhatsApp-Image-2021-11-24-at-20.49.08.jpeg?w=1280&amp;ssl=1 1280w\" sizes=\"auto, (max-width: 800px) 100vw, 800px\" \/><\/p>\n<p>&nbsp;<\/p>\n<p>Por su parte, la ministra D\u00edaz sostuvo que el Congreso abre la posibilidad de <em>&#8220;reflexionar sobre la pr\u00e1ctica, revisar los marcos te\u00f3ricos y legales de abordaje, repensar nuestras experiencias e intercambiar en torno a programas, proyectos y procesos de construcci\u00f3n de las pol\u00edticas p\u00fablicas\u201d.<\/em><\/p>\n<p>&nbsp;<\/p>\n<blockquote><p>El encuentro finaliza el pr\u00f3ximo viernes y cuenta con espacios de debate, reflexiones y experiencias para \u201cdar visibilidad a las pol\u00edticas del Estado provincial para prevenir y abordar las violencias por razones de g\u00e9nero&#8221;.<\/p><\/blockquote>\n<p>&nbsp;<\/p>\n<p>Adem\u00e1s, en dicha ocasi\u00f3n se present\u00f3 el <strong>Programa \u201cDesendeudadas\u201d<\/strong>, el cual tiene como objetivo generar un alivio econ\u00f3mico para las jefas de hogar.<\/p>\n<p>&nbsp;<\/p>\n<p>El programa, que ser\u00e1 llevado adelante por la cartera encabezada por la Ministra Estela D\u00edaz, en coordinaci\u00f3n con el Ministerio de Hacienda y Finanzas y el Banco Provincia, consiste en brindar un <strong>per\u00edodo de gracia de hasta seis meses y una tasa nominal anual del 9%, con un plazo m\u00e1ximo para la devoluci\u00f3n de 60 meses.<\/strong> Se priorizar\u00e1 a las titulares de la Asignaci\u00f3n Universal por Hijo (AUH) y beneficiarias de la Asignaci\u00f3n por Embarazo para Protecci\u00f3n Social.<\/p>\n","protected":false},"excerpt":{"rendered":"<p>La concejala destac\u00f3 la posibilidad de \u201cseguir dando los debates necesarios para hacer del pa\u00eds, la provincia y la ciudad<\/p>\n","protected":false},"author":5,"featured_media":39671,"comment_status":"closed","ping_status":"closed","sticky":false,"template":"","format":"standard","meta":{"_jetpack_memberships_contains_paid_content":false,"footnotes":""},"categories":[3,1],"tags":[],"class_list":["post-39669","post","type-post","status-publish","format-standard","has-post-thumbnail","hentry","category-genero","category-portada"],"jetpack_featured_media_url":"https:\/\/i0.wp.com\/cdnoticias.com\/wp-content\/uploads\/2021\/11\/WhatsApp-Image-2021-11-24-at-20.49.04.jpeg?fit=1024%2C768&ssl=1","jetpack_sharing_enabled":true,"_links":{"self":[{"href":"https:\/\/cdnoticias.com\/index.php\/wp-json\/wp\/v2\/posts\/39669","targetHints":{"allow":["GET"]}}],"collection":[{"href":"https:\/\/cdnoticias.com\/index.php\/wp-json\/wp\/v2\/posts"}],"about":[{"href":"https:\/\/cdnoticias.com\/index.php\/wp-json\/wp\/v2\/types\/post"}],"author":[{"embeddable":true,"href":"https:\/\/cdnoticias.com\/index.php\/wp-json\/wp\/v2\/users\/5"}],"replies":[{"embeddable":true,"href":"https:\/\/cdnoticias.com\/index.php\/wp-json\/wp\/v2\/comments?post=39669"}],"version-history":[{"count":0,"href":"https:\/\/cdnoticias.com\/index.php\/wp-json\/wp\/v2\/posts\/39669\/revisions"}],"wp:featuredmedia":[{"embeddable":true,"href":"https:\/\/cdnoticias.com\/index.php\/wp-json\/wp\/v2\/media\/39671"}],"wp:attachment":[{"href":"https:\/\/cdnoticias.com\/index.php\/wp-json\/wp\/v2\/media?parent=39669"}],"wp:term":[{"taxonomy":"category","embeddable":true,"href":"https:\/\/cdnoticias.com\/index.php\/wp-json\/wp\/v2\/categories?post=39669"},{"taxonomy":"post_tag","embeddable":true,"href":"https:\/\/cdnoticias.com\/index.php\/wp-json\/wp\/v2\/tags?post=39669"}],"curies":[{"name":"wp","href":"https:\/\/api.w.org\/{rel}","templated":true}]}}