{"id":39651,"date":"2021-11-24T20:25:41","date_gmt":"2021-11-24T23:25:41","guid":{"rendered":"http:\/\/www.centraldenoticias.com.ar\/?p=39651"},"modified":"2021-11-24T20:25:41","modified_gmt":"2021-11-24T23:25:41","slug":"el-foro-olavarria-se-manifesto-ante-un-nuevo-aniversario-de-la-ciudad","status":"publish","type":"post","link":"https:\/\/cdnoticias.com\/index.php\/2021\/11\/24\/el-foro-olavarria-se-manifesto-ante-un-nuevo-aniversario-de-la-ciudad\/","title":{"rendered":"El Foro Olavarr\u00eda se manifest\u00f3 ante un nuevo aniversario de la ciudad"},"content":{"rendered":"<p>Indicaron que reafirman su compromiso \u201cpara la construcci\u00f3n de una Olavarr\u00eda m\u00e1s integral y unida\u201d.<!--more--><\/p>\n<hr \/>\n<p>En v\u00edsperas de celebrarse los 154 a\u00f1os de la ciudad, el Foro Olavarr\u00eda \u2013 Frente Renovador, espacio que forma parte del Frente de Todos, manifest\u00f3 su compromiso <em>\u201cpara la construcci\u00f3n de una Olavarr\u00eda m\u00e1s integral y unida\u201d.<\/em><\/p>\n<p>&nbsp;<\/p>\n<p>Desde el espacio conducido por el concejal Eduardo Rodr\u00edguez y la concejala In\u00e9s Creimer sostuvieron que <em>\u201cel futuro urbano se est\u00e1 construyendo cada d\u00eda y nuestro compromiso es trabajar por una ciudad m\u00e1s integral y unida\u201d.<\/em> Seg\u00fan afirmaron, este compromiso es una <strong><em>\u201creivindicaci\u00f3n para que la gente vuelva a ser protagonista de la ciudad y generar un escenario de encuentro para la construcci\u00f3n de la vida colectiva\u201d.<\/em><\/strong><\/p>\n<p>&nbsp;<\/p>\n<p>A su vez, se valoriz\u00f3 el retorno de las celebraciones que se llevan adelante en el <strong>Parque \u201cHelios Eseverri\u201d<\/strong> ya que <strong><em>\u201ces la fiesta de todas y todos los vecinos de Olavarr\u00eda y sus localidades\u201d<\/em><\/strong>. Al mismo tiempo, destacaron la importancia de<em> \u201cvolver a la presencialidad, que la gente pueda compartir actividades en familia al aire libre y que la ciudad celebre su aniversario con los festejos tradicionales\u201d.<\/em><\/p>\n<p>&nbsp;<\/p>\n<p>A modo de celebraci\u00f3n de los 154 a\u00f1os de Olavarr\u00eda, en los \u00faltimos d\u00edas las redes del Foro Olavarr\u00eda revivieron el <strong>\u201cVIVO 153\u00ba Aniversario de Olavarr\u00eda\u201d<\/strong>, un show v\u00eda streaming de m\u00e1s de 4 horas de duraci\u00f3n en el que artistas locales pusieron todo el color al sal\u00f3n de la Sociedad de Fomento \u201cMariano Moreno\u201d.<\/p>\n<p>&nbsp;<\/p>\n<p><strong><em>\u201cEs una manera de homenajear a las y los artistas que nos acompa\u00f1aron en aquel momento y recordar que, a\u00fan en tiempos de mucha incertidumbre, la ciudad tuvo un festejo como merec\u00eda\u201d<\/em><\/strong>, se\u00f1alaron.<\/p>\n<p>&nbsp;<\/p>\n<p>De aquel evento quedaron plasmadas una serie de presentaciones que se encuentran en el canal de YouTube del Foro Olavarr\u00eda. Las actuaciones contaron con la presencia de Mart\u00edn Barraza, Bel\u00e9n Laurenz, Mario Bellomo, Dulce Morena, Oscar Nu\u00f1ez, Antonella Andrade, Diamante Rojo, entre otros.<\/p>\n<p>&nbsp;<\/p>\n<p><span id=\"m_-5442471444951090755gmail-m_-4164656037514170690gmail-docs-internal-guid-c1a042dd-7fff-6166-1bea-3b14b26841eb\">Enlace:<a href=\"https:\/\/www.youtube.com\/watch?v=iERoSBbUMaY&amp;t=7810s\" target=\"_blank\" rel=\"noopener\"> https:\/\/www.youtube.com\/watch?<wbr \/>v=iERoSBbUMaY&amp;t=7810s<\/a><\/span><\/p>\n<div><\/div>\n","protected":false},"excerpt":{"rendered":"<p>Indicaron que reafirman su compromiso \u201cpara la construcci\u00f3n de una Olavarr\u00eda m\u00e1s integral y unida\u201d.<\/p>\n","protected":false},"author":5,"featured_media":36398,"comment_status":"closed","ping_status":"closed","sticky":false,"template":"","format":"standard","meta":{"_jetpack_memberships_contains_paid_content":false,"footnotes":""},"categories":[5],"tags":[],"class_list":["post-39651","post","type-post","status-publish","format-standard","has-post-thumbnail","hentry","category-informacion-general"],"jetpack_featured_media_url":"https:\/\/i0.wp.com\/cdnoticias.com\/wp-content\/uploads\/2021\/10\/olavarria-aerea-drone-02.jpg?fit=1600%2C890&ssl=1","jetpack_sharing_enabled":true,"_links":{"self":[{"href":"https:\/\/cdnoticias.com\/index.php\/wp-json\/wp\/v2\/posts\/39651","targetHints":{"allow":["GET"]}}],"collection":[{"href":"https:\/\/cdnoticias.com\/index.php\/wp-json\/wp\/v2\/posts"}],"about":[{"href":"https:\/\/cdnoticias.com\/index.php\/wp-json\/wp\/v2\/types\/post"}],"author":[{"embeddable":true,"href":"https:\/\/cdnoticias.com\/index.php\/wp-json\/wp\/v2\/users\/5"}],"replies":[{"embeddable":true,"href":"https:\/\/cdnoticias.com\/index.php\/wp-json\/wp\/v2\/comments?post=39651"}],"version-history":[{"count":0,"href":"https:\/\/cdnoticias.com\/index.php\/wp-json\/wp\/v2\/posts\/39651\/revisions"}],"wp:featuredmedia":[{"embeddable":true,"href":"https:\/\/cdnoticias.com\/index.php\/wp-json\/wp\/v2\/media\/36398"}],"wp:attachment":[{"href":"https:\/\/cdnoticias.com\/index.php\/wp-json\/wp\/v2\/media?parent=39651"}],"wp:term":[{"taxonomy":"category","embeddable":true,"href":"https:\/\/cdnoticias.com\/index.php\/wp-json\/wp\/v2\/categories?post=39651"},{"taxonomy":"post_tag","embeddable":true,"href":"https:\/\/cdnoticias.com\/index.php\/wp-json\/wp\/v2\/tags?post=39651"}],"curies":[{"name":"wp","href":"https:\/\/api.w.org\/{rel}","templated":true}]}}