{"id":39595,"date":"2021-11-24T11:42:51","date_gmt":"2021-11-24T14:42:51","guid":{"rendered":"http:\/\/www.centraldenoticias.com.ar\/?p=39595"},"modified":"2021-11-24T13:12:52","modified_gmt":"2021-11-24T16:12:52","slug":"desde-el-mes-que-viene-11-de-aumento-del-kilo-de-pan","status":"publish","type":"post","link":"https:\/\/cdnoticias.com\/index.php\/2021\/11\/24\/desde-el-mes-que-viene-11-de-aumento-del-kilo-de-pan\/","title":{"rendered":"Desde el mes que viene, 11% de aumento del kilo de pan"},"content":{"rendered":"<p>Lo anunci\u00f3 el Centro de Industriales Panaderos de Olavarr\u00eda. Ser\u00e1 la cuarta vez que sube el precio en el a\u00f1o y sumar\u00e1 38%. La situaci\u00f3n en el pa\u00eds.<!--more--><\/p>\n<hr \/>\n<p><strong>El kilo de pan volver\u00e1 a aumentar en Olavarr\u00eda desde el 1\u00b0 de diciembre<\/strong>. As\u00ed lo anunci\u00f3 Daniel Ottino, presidente del <strong>Centro de Industriales Panaderos locales (CIPO)<\/strong>, quien indic\u00f3 que <strong>el kilo ascender\u00e1 a entre 180 y 200 pesos<\/strong>.<\/p>\n<p>&nbsp;<\/p>\n<p>De esta manera, se adelant\u00f3 <strong>la suba de 11,1% que ser\u00e1 la cuarta del a\u00f1o<\/strong>.<\/p>\n<p>&nbsp;<\/p>\n<blockquote><p>Ottino tuvo en cuenta que el \u00faltimo aumento se hab\u00eda dispuesto desde el 23 de agosto. Desde esa fecha hasta ahora \u201caument\u00f3 todo, la harina, hubo acuerdos nuevos de paritaria, los dem\u00e1s insumos, y ahora \u00faltimamente subi\u00f3 la carne\u201d dijo.<\/p><\/blockquote>\n<p>&nbsp;<\/p>\n<p><img data-recalc-dims=\"1\" loading=\"lazy\" decoding=\"async\" class=\"size-full wp-image-1463 aligncenter\" src=\"https:\/\/i0.wp.com\/cdnoticias.com\/wp-content\/uploads\/2020\/09\/pan-panaderia.jpg?resize=608%2C342&#038;ssl=1\" alt=\"\" width=\"608\" height=\"342\" srcset=\"https:\/\/i0.wp.com\/cdnoticias.com\/wp-content\/uploads\/2020\/09\/pan-panaderia.jpg?w=608&amp;ssl=1 608w, https:\/\/i0.wp.com\/cdnoticias.com\/wp-content\/uploads\/2020\/09\/pan-panaderia.jpg?resize=300%2C169&amp;ssl=1 300w\" sizes=\"auto, (max-width: 608px) 100vw, 608px\" \/><\/p>\n<p>&nbsp;<\/p>\n<p>En ese sentido, tuvo en cuenta que <strong>\u201cno solo va a aumentar el pan, sino todos los productos panaderiles\u201d<\/strong>. Se\u00f1al\u00f3 que las facturas y los s\u00e1nguches ver\u00e1n modificados sus precios en \u201cun 10%, por lo menos\u201d, debido a que los insumos utilizados tambi\u00e9n han presentado incrementos de precios y, a modo de ejemplo cit\u00f3 \u201clos fiambres y el queso\u201d.<\/p>\n<p>&nbsp;<\/p>\n<p>Con el aumento a aplicarse desde el mes pr\u00f3ximo, <strong>el precio del kilo pan en Olavarr\u00eda llegar\u00e1 a un incremento de 38% en 2021<\/strong>. La primera suba del a\u00f1o se dio<a href=\"https:\/\/cdnoticias.com\/index.php\/2021\/01\/19\/aumento-del-pan-el-incremento-sera-de-hasta-un-15\/\" target=\"_blank\" rel=\"noopener\"> en enero y rond\u00f3 15%<\/a>, a <a href=\"https:\/\/cdnoticias.com\/index.php\/2021\/05\/10\/evaluan-un-nuevo-aumento-en-el-kilo-de-pan\/\" target=\"_blank\" rel=\"noopener\">principios de mayo se dispuso el segundo aumento<\/a> que fue de alrededor de 6%, y <a href=\"https:\/\/cdnoticias.com\/index.php\/2021\/08\/24\/nuevo-aumento-del-pan-en-olavarria-rondara-6\/\" target=\"_blank\" rel=\"noopener\">a fines de agosto volvi\u00f3 a aumenta<\/a>r en la misma proporci\u00f3n.<\/p>\n<p>&nbsp;<\/p>\n<p><strong>En el pa\u00eds<\/strong><\/p>\n<p>&nbsp;<\/p>\n<p>Cabe se\u00f1alar que la medida del CIPO se enmarca en<strong> lo previsto por la Federaci\u00f3n de Panader\u00edas Bonaerense<\/strong>. Su titular, Emilio Mayori, hab\u00eda adelantado la medida en declaraciones a Radio Provincia. <strong>Situ\u00f3 el incremento en alrededor de 12%<\/strong> y se\u00f1al\u00f3 que se har\u00eda \u201cpaulatinamente porque hay una competencia descarnada. Hay un 70% de informalidad en el sector\u201d a\u00f1adi\u00f3.<\/p>\n<p>&nbsp;<\/p>\n<p><iframe loading=\"lazy\" style=\"border: none; overflow: hidden;\" src=\"https:\/\/www.facebook.com\/plugins\/post.php?href=https%3A%2F%2Fwww.facebook.com%2Fpermalink.php%3Fstory_fbid%3D1583525231992362%26id%3D100010047014072&amp;show_text=true&amp;width=500\" width=\"500\" height=\"610\" frameborder=\"0\" scrolling=\"no\" allowfullscreen=\"allowfullscreen\"><\/iframe><\/p>\n<p>&nbsp;<\/p>\n<p>En tanto, subas de entre 11 y 15% se han verificado en provincias como <em>La Pampa, C\u00f3rdoba, Mendoza, Chaco y Entre R\u00edos<\/em> en los \u00faltimos d\u00edas. Lo mismo se prev\u00e9 para CABA.<\/p>\n<p>&nbsp;<\/p>\n<p>La <strong>Federaci\u00f3n Argentina de la Industrial del Pan y Afines (FAIPA)<\/strong> emiti\u00f3 un comunicado la semana pasada dirigido a las filiales provinciales en el que dio cuenta de haber realizado <strong>\u201cuna evaluaci\u00f3n de los costos del valor del pan donde se aprecia un aumento importante de los mismos\u201d<\/strong>. Se enumeraron las <em>materias primas, la reposici\u00f3n y reparaci\u00f3n de maquinarias, y salarios<\/em>, sobre los que se hizo hincapi\u00e9 en \u201clos aportes y contribuciones de cargas sociales\u201d.<\/p>\n<p>&nbsp;<\/p>\n<p>Pidieron tener en cuenta lo expuesto para <strong>\u201caconsejar a los industriales panaderos de su provincia actualizar sus costos\u201d<\/strong>.<\/p>\n","protected":false},"excerpt":{"rendered":"<p>Lo anunci\u00f3 el Centro de Industriales Panaderos de Olavarr\u00eda. Ser\u00e1 la cuarta vez que sube el precio en el a\u00f1o<\/p>\n","protected":false},"author":4,"featured_media":39597,"comment_status":"closed","ping_status":"closed","sticky":false,"template":"","format":"standard","meta":{"_jetpack_memberships_contains_paid_content":false,"footnotes":""},"categories":[5,1],"tags":[],"class_list":["post-39595","post","type-post","status-publish","format-standard","has-post-thumbnail","hentry","category-informacion-general","category-portada"],"jetpack_featured_media_url":"https:\/\/i0.wp.com\/cdnoticias.com\/wp-content\/uploads\/2021\/11\/pan-aumento-precio.jpg?fit=800%2C446&ssl=1","jetpack_sharing_enabled":true,"_links":{"self":[{"href":"https:\/\/cdnoticias.com\/index.php\/wp-json\/wp\/v2\/posts\/39595","targetHints":{"allow":["GET"]}}],"collection":[{"href":"https:\/\/cdnoticias.com\/index.php\/wp-json\/wp\/v2\/posts"}],"about":[{"href":"https:\/\/cdnoticias.com\/index.php\/wp-json\/wp\/v2\/types\/post"}],"author":[{"embeddable":true,"href":"https:\/\/cdnoticias.com\/index.php\/wp-json\/wp\/v2\/users\/4"}],"replies":[{"embeddable":true,"href":"https:\/\/cdnoticias.com\/index.php\/wp-json\/wp\/v2\/comments?post=39595"}],"version-history":[{"count":0,"href":"https:\/\/cdnoticias.com\/index.php\/wp-json\/wp\/v2\/posts\/39595\/revisions"}],"wp:featuredmedia":[{"embeddable":true,"href":"https:\/\/cdnoticias.com\/index.php\/wp-json\/wp\/v2\/media\/39597"}],"wp:attachment":[{"href":"https:\/\/cdnoticias.com\/index.php\/wp-json\/wp\/v2\/media?parent=39595"}],"wp:term":[{"taxonomy":"category","embeddable":true,"href":"https:\/\/cdnoticias.com\/index.php\/wp-json\/wp\/v2\/categories?post=39595"},{"taxonomy":"post_tag","embeddable":true,"href":"https:\/\/cdnoticias.com\/index.php\/wp-json\/wp\/v2\/tags?post=39595"}],"curies":[{"name":"wp","href":"https:\/\/api.w.org\/{rel}","templated":true}]}}