{"id":39587,"date":"2021-11-24T10:15:32","date_gmt":"2021-11-24T13:15:32","guid":{"rendered":"http:\/\/www.centraldenoticias.com.ar\/?p=39587"},"modified":"2021-11-24T10:15:32","modified_gmt":"2021-11-24T13:15:32","slug":"madame-lu-estara-presente-en-la-fiesta-aniversario-de-olavarria","status":"publish","type":"post","link":"https:\/\/cdnoticias.com\/index.php\/2021\/11\/24\/madame-lu-estara-presente-en-la-fiesta-aniversario-de-olavarria\/","title":{"rendered":"Madame L\u00fa estar\u00e1 presente en la Fiesta Aniversario de Olavarr\u00eda"},"content":{"rendered":"<p>Indic\u00f3 que su presencia y la de otros artistas \u201cbuscan garantizar la inclusi\u00f3n y la diversidad\u201d en un festejo \u201cpopular e importante\u201d.<!--more--><\/p>\n<hr \/>\n<p>La artista <strong>Madame L\u00fa realizar\u00e1 un espect\u00e1culo art\u00edstico en la Fiesta de Olavarr\u00eda,<\/strong> y consider\u00f3 que su presencia y la de otros artistas<em> \u201cbuscan garantizar la inclusi\u00f3n y diversidad en un festejo popular e importante\u201d.<\/em><\/p>\n<p>&nbsp;<\/p>\n<p>Este jueves la artista local Madame L\u00fa participara <em>\u201cd\u00e1ndolo todo como siempre y su empoderamiento como mujer Trans\u201d.<\/em><\/p>\n<p>&nbsp;<\/p>\n<p><strong>Madame L\u00fa es una artista de nuestra ciudad oriunda de localidad de Recalde.<\/strong> En su carrera ha realizado diversas presentaciones y shows, y actualmente se encuentra participando en los programas de radio \u201cYa Fue\u201d y \u201cAlgo va a pasar\u201d.<\/p>\n<p>&nbsp;<\/p>\n<blockquote><p>En materia de militancia a trav\u00e9s del arte ha roto barreras peleando por un cupo laboral Travesti-Trans, el respeto a la diversidad y su trabajo en red con diferentes espacios y organizaciones.<\/p><\/blockquote>\n<p>&nbsp;<\/p>\n<p>Con la presencia de Victoria y otros artistas en este Aniversario de Olavarr\u00eda 2021 se busca <em>\u201cgarantizar la inclusi\u00f3n y diversidad desde el respeto\u201d.<\/em><\/p>\n","protected":false},"excerpt":{"rendered":"<p>Indic\u00f3 que su presencia y la de otros artistas \u201cbuscan garantizar la inclusi\u00f3n y la diversidad\u201d en un festejo \u201cpopular<\/p>\n","protected":false},"author":2,"featured_media":39588,"comment_status":"closed","ping_status":"closed","sticky":false,"template":"","format":"standard","meta":{"_jetpack_memberships_contains_paid_content":false,"footnotes":""},"categories":[9,1],"tags":[],"class_list":["post-39587","post","type-post","status-publish","format-standard","has-post-thumbnail","hentry","category-cultura","category-portada"],"jetpack_featured_media_url":"https:\/\/i0.wp.com\/cdnoticias.com\/wp-content\/uploads\/2021\/11\/WhatsApp-Image-2021-11-24-at-08.43.39.jpeg?fit=800%2C467&ssl=1","jetpack_sharing_enabled":true,"_links":{"self":[{"href":"https:\/\/cdnoticias.com\/index.php\/wp-json\/wp\/v2\/posts\/39587","targetHints":{"allow":["GET"]}}],"collection":[{"href":"https:\/\/cdnoticias.com\/index.php\/wp-json\/wp\/v2\/posts"}],"about":[{"href":"https:\/\/cdnoticias.com\/index.php\/wp-json\/wp\/v2\/types\/post"}],"author":[{"embeddable":true,"href":"https:\/\/cdnoticias.com\/index.php\/wp-json\/wp\/v2\/users\/2"}],"replies":[{"embeddable":true,"href":"https:\/\/cdnoticias.com\/index.php\/wp-json\/wp\/v2\/comments?post=39587"}],"version-history":[{"count":0,"href":"https:\/\/cdnoticias.com\/index.php\/wp-json\/wp\/v2\/posts\/39587\/revisions"}],"wp:featuredmedia":[{"embeddable":true,"href":"https:\/\/cdnoticias.com\/index.php\/wp-json\/wp\/v2\/media\/39588"}],"wp:attachment":[{"href":"https:\/\/cdnoticias.com\/index.php\/wp-json\/wp\/v2\/media?parent=39587"}],"wp:term":[{"taxonomy":"category","embeddable":true,"href":"https:\/\/cdnoticias.com\/index.php\/wp-json\/wp\/v2\/categories?post=39587"},{"taxonomy":"post_tag","embeddable":true,"href":"https:\/\/cdnoticias.com\/index.php\/wp-json\/wp\/v2\/tags?post=39587"}],"curies":[{"name":"wp","href":"https:\/\/api.w.org\/{rel}","templated":true}]}}