{"id":39579,"date":"2021-11-24T09:21:22","date_gmt":"2021-11-24T12:21:22","guid":{"rendered":"http:\/\/www.centraldenoticias.com.ar\/?p=39579"},"modified":"2021-11-24T11:43:47","modified_gmt":"2021-11-24T14:43:47","slug":"krivochen-las-declaraciones-de-celeste-arouxet-faltan-a-la-verdad","status":"publish","type":"post","link":"https:\/\/cdnoticias.com\/index.php\/2021\/11\/24\/krivochen-las-declaraciones-de-celeste-arouxet-faltan-a-la-verdad\/","title":{"rendered":"Krivochen: \u201cLas declaraciones de Celeste Arouxet faltan a la verdad\u201d"},"content":{"rendered":"<p>La concejal de Juntos desminti\u00f3 a su par de Ahora Olavarr\u00eda y explic\u00f3 la \u201cinterpretaci\u00f3n equivocada\u201d por la no inclusi\u00f3n de las paritarias en el Presupuesto 2022.\u00a0<!--more--><\/p>\n<hr \/>\n<p>Tras las <a href=\"https:\/\/cdnoticias.com\/index.php\/2021\/11\/23\/ahora-olavarria-habra-aumentos-de-tasas-pero-aun-asi-el-presupuesto-2022-sera-deficitario\/\" target=\"_blank\" rel=\"noopener\">acusaciones de Celeste Arouxet (Ahora Olavarr\u00eda) tras la reuni\u00f3n con la Secretar\u00eda de Econom\u00eda y Hacienda Mar\u00eda Eugenia Bezzoni por el Presupuesto 2022<\/a>, <strong>la concejal Cecilia Krivochen (Juntos) desminti\u00f3 el punto sobre la no inclusi\u00f3n de la paritaria del a\u00f1o que viene en la partida general de gastos.<\/strong><\/p>\n<p>&nbsp;<\/p>\n<p>En primera instancia dijo que<strong><em> &#8220;las declaraciones de Arouxet faltan a la verdad\u201d<\/em> <\/strong>y <em>\u201chabiendo estado presente en la comisi\u00f3n de Hacienda donde se recibi\u00f3 a Eugenia Bezzoni, me veo en la obligaci\u00f3n de aclarar que un presupuesto es una estimaci\u00f3n de un ejercicio futuro, tanto de ingresos como de gastos. <strong>En el caso de las paritarias abarcan m\u00e1s de un periodo. De ah\u00ed surge una interpretaci\u00f3n equivocada de la concejal Arouxet<\/strong>\u201d.<\/em><\/p>\n<p>&nbsp;<\/p>\n<p>En este sentido, se\u00f1al\u00f3 que hubo preguntas a la funcionaria acerca de <em>\u201cc\u00f3mo se iba a financiar la paritaria, considerando un incremento de los ingresos en el orden del 33% respecto de la ejecuci\u00f3n del ejercicio 2021\u201d.<\/em> Bezzoni respondi\u00f3 que <strong><em>\u201cel Presupuesto 2022 incluye lo que resta de la paritaria de este a\u00f1o en curso, pero no la paritaria 2022, es decir los aumentos que percibir\u00e1n los municipales en enero, febrero y marzo del pr\u00f3ximo a\u00f1o ya acordados\u201d.<\/em><\/strong><\/p>\n<p>&nbsp;<\/p>\n<p>Adem\u00e1s, se explicaron las estimaciones tales como la Coparticipaci\u00f3n, que <em>\u201cha sido muy similar a la estimaci\u00f3n efectuada en el Presupuesto 2021 y lo estimado por Provincia al iniciar el ejercicio&#8221;.<\/em><\/p>\n<p>&nbsp;<\/p>\n<p>En este sentido, explicaron que las estimaciones se van ejecutando y la gran mayor\u00eda de los casos<em> \u201cson superadas\u201d.<\/em><\/p>\n<p>&nbsp;<\/p>\n<blockquote><p><strong><em>\u201cEn s\u00edntesis, el Municipio desde que se comienza con la negociaci\u00f3n paritaria (marzo\/abril) de cada a\u00f1o, va monitoreando y recalculando en funci\u00f3n a la marcha de los ingresos, y reproyectando, no ofreciendo m\u00e1s de lo que no puede pagar\u201d<\/em><\/strong>. Y puso como ejemplo lo sucedido este 2021: <strong><em>\u201ccuando se cerr\u00f3 la paritaria en agosto, la ejecuci\u00f3n ya m\u00e1s avanzada, permiti\u00f3 ofrecer el incremento acordado\u201d.<\/em><\/strong><\/p><\/blockquote>\n<p>&nbsp;<\/p>\n<p>En la reuni\u00f3n del \u00faltimo martes <em>\u201cnunca se habl\u00f3 de estiramiento de plazos de negociaci\u00f3n de las paritarias. Si alguien necesita corroborar lo que se dijo, con gusto le doy las pruebas\u201d.<\/em><\/p>\n<p>&nbsp;<\/p>\n<p>Finalmente, cerr\u00f3 con una peque\u00f1a chicana al se\u00f1alar que<strong><em> \u201cno se puede jugar con este tema. Como dice la concejal siempre, seamos serios\u201d.<\/em><\/strong><\/p>\n","protected":false},"excerpt":{"rendered":"<p>La concejal de Juntos desminti\u00f3 a su par de Ahora Olavarr\u00eda y explic\u00f3 la \u201cinterpretaci\u00f3n equivocada\u201d por la no inclusi\u00f3n<\/p>\n","protected":false},"author":2,"featured_media":36915,"comment_status":"closed","ping_status":"closed","sticky":false,"template":"","format":"standard","meta":{"_jetpack_memberships_contains_paid_content":false,"footnotes":""},"categories":[4,1],"tags":[],"class_list":["post-39579","post","type-post","status-publish","format-standard","has-post-thumbnail","hentry","category-politica","category-portada"],"jetpack_featured_media_url":"https:\/\/i0.wp.com\/cdnoticias.com\/wp-content\/uploads\/2021\/10\/HCD-cecilia-krivochen.jpg?fit=1366%2C768&ssl=1","jetpack_sharing_enabled":true,"_links":{"self":[{"href":"https:\/\/cdnoticias.com\/index.php\/wp-json\/wp\/v2\/posts\/39579","targetHints":{"allow":["GET"]}}],"collection":[{"href":"https:\/\/cdnoticias.com\/index.php\/wp-json\/wp\/v2\/posts"}],"about":[{"href":"https:\/\/cdnoticias.com\/index.php\/wp-json\/wp\/v2\/types\/post"}],"author":[{"embeddable":true,"href":"https:\/\/cdnoticias.com\/index.php\/wp-json\/wp\/v2\/users\/2"}],"replies":[{"embeddable":true,"href":"https:\/\/cdnoticias.com\/index.php\/wp-json\/wp\/v2\/comments?post=39579"}],"version-history":[{"count":0,"href":"https:\/\/cdnoticias.com\/index.php\/wp-json\/wp\/v2\/posts\/39579\/revisions"}],"wp:featuredmedia":[{"embeddable":true,"href":"https:\/\/cdnoticias.com\/index.php\/wp-json\/wp\/v2\/media\/36915"}],"wp:attachment":[{"href":"https:\/\/cdnoticias.com\/index.php\/wp-json\/wp\/v2\/media?parent=39579"}],"wp:term":[{"taxonomy":"category","embeddable":true,"href":"https:\/\/cdnoticias.com\/index.php\/wp-json\/wp\/v2\/categories?post=39579"},{"taxonomy":"post_tag","embeddable":true,"href":"https:\/\/cdnoticias.com\/index.php\/wp-json\/wp\/v2\/tags?post=39579"}],"curies":[{"name":"wp","href":"https:\/\/api.w.org\/{rel}","templated":true}]}}