{"id":3956,"date":"2020-10-14T19:55:06","date_gmt":"2020-10-14T22:55:06","guid":{"rendered":"http:\/\/www.centraldenoticias.com.ar\/?p=3956"},"modified":"2020-10-14T20:20:46","modified_gmt":"2020-10-14T23:20:46","slug":"el-director-de-pediatria-local-dio-positivo-de-coronavirus","status":"publish","type":"post","link":"https:\/\/cdnoticias.com\/index.php\/2020\/10\/14\/el-director-de-pediatria-local-dio-positivo-de-coronavirus\/","title":{"rendered":"El director de Pediatr\u00eda local dio positivo de coronavirus"},"content":{"rendered":"<p>La novedad fue confirmada por el propio doctor Gast\u00f3n Seambelar, a trav\u00e9s de una publicaci\u00f3n realizada en sus redes sociales.<\/p>\n<p><!--more--><\/p>\n<hr \/>\n<p>En la tarde de este mi\u00e9rcoles <strong>el doctor Gast\u00f3n Seambelar confirm\u00f3 que dio positivo de coronavirus. Se trata del director del \u00e1rea de Pediatria del Hospital Municipal \u201cDoctor H\u00e9ctor Cura\u201d<\/strong>.<\/p>\n<p>&nbsp;<\/p>\n<div class=\"fb-post\" data-href=\"https:\/\/www.facebook.com\/gaston.seambelar\/posts\/3223229504454196\" data-width=\"552\" style=\"background-color: #fff; display: inline-block;\"><\/div>\n<p>&nbsp;<\/p>\n<p><strong>\u201cHoy me confirmaron Covid Positivo, otro m\u00e1s de tantos trabajadores de salud, trabajar a cent\u00edmetros del virus te expone a vos y a tu familia\u201d<\/strong>, public\u00f3 en su p\u00e1gina en la red social Facebook, donde varias personas comentaron y le dieron su apoyo.<\/p>\n<p>&nbsp;<\/p>\n<p><strong>\u201cEl agradecimiento a tantos que de una u otra forma acompa\u00f1an,\u00a0 me emociona hasta lo m\u00e1s profundo del alma. Al dr Gustavo Rago por estar presente, amigos y colegas. La fe inquebrantable en Dios hace todo m\u00e1s f\u00e1cil, cuidate y cuidanos todo lo que puedas, falta menos<\/strong>\u201d, concluy\u00f3.<\/p>\n","protected":false},"excerpt":{"rendered":"<p>La novedad fue confirmada por el propio doctor Gast\u00f3n Seambelar, a trav\u00e9s de una publicaci\u00f3n realizada en sus redes sociales.<\/p>\n","protected":false},"author":3,"featured_media":3957,"comment_status":"closed","ping_status":"closed","sticky":false,"template":"","format":"standard","meta":{"_jetpack_memberships_contains_paid_content":false,"footnotes":""},"categories":[5,1],"tags":[],"class_list":["post-3956","post","type-post","status-publish","format-standard","has-post-thumbnail","hentry","category-informacion-general","category-portada"],"jetpack_featured_media_url":"https:\/\/i0.wp.com\/cdnoticias.com\/wp-content\/uploads\/2020\/10\/Salud-pediatr%C3%ADa-1024x580.jpeg?fit=1024%2C580&ssl=1","jetpack_sharing_enabled":true,"_links":{"self":[{"href":"https:\/\/cdnoticias.com\/index.php\/wp-json\/wp\/v2\/posts\/3956","targetHints":{"allow":["GET"]}}],"collection":[{"href":"https:\/\/cdnoticias.com\/index.php\/wp-json\/wp\/v2\/posts"}],"about":[{"href":"https:\/\/cdnoticias.com\/index.php\/wp-json\/wp\/v2\/types\/post"}],"author":[{"embeddable":true,"href":"https:\/\/cdnoticias.com\/index.php\/wp-json\/wp\/v2\/users\/3"}],"replies":[{"embeddable":true,"href":"https:\/\/cdnoticias.com\/index.php\/wp-json\/wp\/v2\/comments?post=3956"}],"version-history":[{"count":0,"href":"https:\/\/cdnoticias.com\/index.php\/wp-json\/wp\/v2\/posts\/3956\/revisions"}],"wp:featuredmedia":[{"embeddable":true,"href":"https:\/\/cdnoticias.com\/index.php\/wp-json\/wp\/v2\/media\/3957"}],"wp:attachment":[{"href":"https:\/\/cdnoticias.com\/index.php\/wp-json\/wp\/v2\/media?parent=3956"}],"wp:term":[{"taxonomy":"category","embeddable":true,"href":"https:\/\/cdnoticias.com\/index.php\/wp-json\/wp\/v2\/categories?post=3956"},{"taxonomy":"post_tag","embeddable":true,"href":"https:\/\/cdnoticias.com\/index.php\/wp-json\/wp\/v2\/tags?post=3956"}],"curies":[{"name":"wp","href":"https:\/\/api.w.org\/{rel}","templated":true}]}}