{"id":39556,"date":"2021-11-23T18:43:25","date_gmt":"2021-11-23T21:43:25","guid":{"rendered":"http:\/\/www.centraldenoticias.com.ar\/?p=39556"},"modified":"2021-11-23T18:43:25","modified_gmt":"2021-11-23T21:43:25","slug":"por-13-votos-el-frente-de-todos-gano-las-legislativas-en-laprida","status":"publish","type":"post","link":"https:\/\/cdnoticias.com\/index.php\/2021\/11\/23\/por-13-votos-el-frente-de-todos-gano-las-legislativas-en-laprida\/","title":{"rendered":"Por 13 votos, el Frente de Todos gan\u00f3 las Legislativas en Laprida"},"content":{"rendered":"<p>El resultado a nivel municipal se conoci\u00f3 tras el recuento definitivo de votos de las elecciones. La segunda fuerza fue la Alianza Juntos.<!--more--><\/p>\n<hr \/>\n<p>Luego del recuento oficial y definitivo de votos sobre las elecciones legislativas 2021 de Laprida,<strong> se conoci\u00f3 el triunfo del Frente de Todos en la ciudad de Laprida, respecto a los cargos municipales.<\/strong><\/p>\n<p>&nbsp;<\/p>\n<p>El dato llamativo fue dado por el n\u00famero que separa a la fuerza ganadora de la que ocupa el segundo lugar:<strong> tan solo 13 votos de diferencia.<\/strong><\/p>\n<p>&nbsp;<\/p>\n<p><img data-recalc-dims=\"1\" loading=\"lazy\" decoding=\"async\" class=\"alignnone size-full wp-image-39558\" src=\"https:\/\/i0.wp.com\/cdnoticias.com\/wp-content\/uploads\/2021\/11\/laprida02.png?resize=800%2C348&#038;ssl=1\" alt=\"\" width=\"800\" height=\"348\" srcset=\"https:\/\/i0.wp.com\/cdnoticias.com\/wp-content\/uploads\/2021\/11\/laprida02.png?w=808&amp;ssl=1 808w, https:\/\/i0.wp.com\/cdnoticias.com\/wp-content\/uploads\/2021\/11\/laprida02.png?resize=300%2C130&amp;ssl=1 300w, https:\/\/i0.wp.com\/cdnoticias.com\/wp-content\/uploads\/2021\/11\/laprida02.png?resize=768%2C334&amp;ssl=1 768w\" sizes=\"auto, (max-width: 800px) 100vw, 800px\" \/><\/p>\n<p>&nbsp;<\/p>\n<p>El propio <strong>intendente de Laprida, Pablo Torres<\/strong>, eligi\u00f3 las redes sociales para publicar el resultado de los comicios y resaltar esta diferencia: <strong>3400 votos para el Frente de Todos y 3387 para la Alianza Juntos.<\/strong><\/p>\n<p>&nbsp;<\/p>\n<p>En una elecci\u00f3n sumamente polarizada, el resto de las fuerzas se encuentra a una diferencia considerable. Es as\u00ed, que la tercera posici\u00f3n la ocupa<strong> Avanza Libertad con 308 votos.<\/strong><\/p>\n","protected":false},"excerpt":{"rendered":"<p>El resultado a nivel municipal se conoci\u00f3 tras el recuento definitivo de votos de las elecciones. La segunda fuerza fue<\/p>\n","protected":false},"author":5,"featured_media":39557,"comment_status":"closed","ping_status":"closed","sticky":false,"template":"","format":"standard","meta":{"_jetpack_memberships_contains_paid_content":false,"footnotes":""},"categories":[17,1],"tags":[],"class_list":["post-39556","post","type-post","status-publish","format-standard","has-post-thumbnail","hentry","category-elecciones-2021","category-portada"],"jetpack_featured_media_url":"https:\/\/i0.wp.com\/cdnoticias.com\/wp-content\/uploads\/2021\/11\/laprida.png?fit=542%2C386&ssl=1","jetpack_sharing_enabled":true,"_links":{"self":[{"href":"https:\/\/cdnoticias.com\/index.php\/wp-json\/wp\/v2\/posts\/39556","targetHints":{"allow":["GET"]}}],"collection":[{"href":"https:\/\/cdnoticias.com\/index.php\/wp-json\/wp\/v2\/posts"}],"about":[{"href":"https:\/\/cdnoticias.com\/index.php\/wp-json\/wp\/v2\/types\/post"}],"author":[{"embeddable":true,"href":"https:\/\/cdnoticias.com\/index.php\/wp-json\/wp\/v2\/users\/5"}],"replies":[{"embeddable":true,"href":"https:\/\/cdnoticias.com\/index.php\/wp-json\/wp\/v2\/comments?post=39556"}],"version-history":[{"count":0,"href":"https:\/\/cdnoticias.com\/index.php\/wp-json\/wp\/v2\/posts\/39556\/revisions"}],"wp:featuredmedia":[{"embeddable":true,"href":"https:\/\/cdnoticias.com\/index.php\/wp-json\/wp\/v2\/media\/39557"}],"wp:attachment":[{"href":"https:\/\/cdnoticias.com\/index.php\/wp-json\/wp\/v2\/media?parent=39556"}],"wp:term":[{"taxonomy":"category","embeddable":true,"href":"https:\/\/cdnoticias.com\/index.php\/wp-json\/wp\/v2\/categories?post=39556"},{"taxonomy":"post_tag","embeddable":true,"href":"https:\/\/cdnoticias.com\/index.php\/wp-json\/wp\/v2\/tags?post=39556"}],"curies":[{"name":"wp","href":"https:\/\/api.w.org\/{rel}","templated":true}]}}