{"id":39545,"date":"2021-11-23T17:38:08","date_gmt":"2021-11-23T20:38:08","guid":{"rendered":"http:\/\/www.centraldenoticias.com.ar\/?p=39545"},"modified":"2021-11-23T17:38:08","modified_gmt":"2021-11-23T20:38:08","slug":"piden-a-menores-de-39-anos-que-completen-los-esquemas-de-vacunacion","status":"publish","type":"post","link":"https:\/\/cdnoticias.com\/index.php\/2021\/11\/23\/piden-a-menores-de-39-anos-que-completen-los-esquemas-de-vacunacion\/","title":{"rendered":"Piden a menores de 39 a\u00f1os que completen los esquemas de vacunaci\u00f3n"},"content":{"rendered":"<p>La ministra Carla Vizzotti exhort\u00f3 a toda la poblaci\u00f3n a vacunarse para evitar nuevos brotes o el impacto de otra variante.<!--more--><\/p>\n<hr \/>\n<p>La ministra de Salud, Carla Vizzotti, exhort\u00f3 este martes a toda la poblaci\u00f3n a \u201c<em>completar sus esquemas de vacunaci\u00f3n\u201d<\/em> contra el coronavirus, aunque<strong> apunt\u00f3 espec\u00edficamente al sector etario comprendido entre los 18 y 39 a\u00f1os, que con la disminuci\u00f3n de casos en el pa\u00eds se relaj\u00f3.\u00a0<\/strong><\/p>\n<p>&nbsp;<\/p>\n<p><em>\u201c<strong>Necesitamos que los j\u00f3venes entre 18 y 39 a\u00f1os se acerquen a completar los esquemas, necesitamos que quienes no los iniciaron, los inicien.<\/strong> Necesitamos que los adolescentes y los ni\u00f1os completen sus esquemas y, por supuesto, los inicien tambi\u00e9n quienes tienen que darse la tercera dosis, quienes son las personas inmunodeprimidas de cualquier edad, con cualquier vacuna. Y tambi\u00e9n los mayores de 50 a\u00f1os que hayan recibido Sinopharm, al menos 20 d\u00edas despu\u00e9s de la \u00faltima dosis tienen que recibir su tercera dosis\u201d<\/em>, asegur\u00f3 Vizzotti.<\/p>\n<p>&nbsp;<\/p>\n<p>Cabe destacar que la <strong>Argentina cuenta con un 63% de la poblaci\u00f3n con esquema completo, aunque esa cifra trepa al 86% si se toma al rango etario que va entre los 40 y 49 a\u00f1os y a casi el 91% en los mayores de 50 a\u00f1os.<\/strong> Y si bien para mayores de 18 a\u00f1os la vacunaci\u00f3n es libre, si se toma el grupo que va de esa edad a los 29 a\u00f1os, el esquema cae casi al 66%, y entre los 30 y 39 a\u00f1os al 78,5%. En cambio, entre 12 y 17 a\u00f1os solo el 37% tiene las dos dosis y entre 3 y 11 a\u00f1os no llega al 13%.<\/p>\n<p>&nbsp;<\/p>\n<p>Adem\u00e1s, la ministra advirti\u00f3 que <em>\u201csiempre est\u00e1 latente el riesgo de una nueva variante y de nuevos brotes\u201d<\/em>, tal como se registra en Europa en estos momentos. <strong><em>\u201cTenemos la gran oportunidad de minimizar la posibilidad que nos suceda esto y es completando los esquemas de vacunaci\u00f3n\u201d<\/em><\/strong>, dijo la ministra tras la reuni\u00f3n que mantuvo en Casa de Gobierno con el jefe de Gabinete, Juan Manzur.<\/p>\n<p>&nbsp;<\/p>\n<p>En ese marco, la funcionaria advirti\u00f3 que <em>\u201csiempre est\u00e1 latente el riesgo de una nueva variante, de nuevos brotes, vemos lo que est\u00e1 pasando en Europa\u201d<\/em> y agreg\u00f3: <strong><em>\u201cEstamos trabajando mucho en Argentina para seguir vacunando y minimizar la posibilidad de que suceda lo que est\u00e1 sucediendo en el hemisferio norte\u201d.<\/em><\/strong><\/p>\n<p>&nbsp;<\/p>\n<p>Al explicar la situaci\u00f3n de lo que est\u00e1 ocurriendo en Europa, Vizzotti indic\u00f3 que <em>\u201ccada pa\u00eds es diferente, y hay pa\u00edses que tienen menos coberturas de vacunaci\u00f3n\u201d.<\/em> Y a\u00f1adi\u00f3: <em>\u201cCuando uno eval\u00faa los casos, y sobre todo los internados y las hospitalizaciones, la gran mayor\u00eda son personas no vacunadas. En Europa, han vacunado con el intervalo m\u00ednimo y hace m\u00e1s tiempo, entonces, la p\u00e9rdida de inmunidad hace que necesiten los refuerzos y los est\u00e1n dando durante el brote, durante el pico\u201d.<\/em><\/p>\n","protected":false},"excerpt":{"rendered":"<p>La ministra Carla Vizzotti exhort\u00f3 a toda la poblaci\u00f3n a vacunarse para evitar nuevos brotes o el impacto de otra<\/p>\n","protected":false},"author":5,"featured_media":33091,"comment_status":"closed","ping_status":"closed","sticky":false,"template":"","format":"standard","meta":{"_jetpack_memberships_contains_paid_content":false,"footnotes":""},"categories":[1],"tags":[],"class_list":["post-39545","post","type-post","status-publish","format-standard","has-post-thumbnail","hentry","category-portada"],"jetpack_featured_media_url":"https:\/\/i0.wp.com\/cdnoticias.com\/wp-content\/uploads\/2021\/09\/DIB-vacunacion-covid.jpg?fit=1170%2C684&ssl=1","jetpack_sharing_enabled":true,"_links":{"self":[{"href":"https:\/\/cdnoticias.com\/index.php\/wp-json\/wp\/v2\/posts\/39545","targetHints":{"allow":["GET"]}}],"collection":[{"href":"https:\/\/cdnoticias.com\/index.php\/wp-json\/wp\/v2\/posts"}],"about":[{"href":"https:\/\/cdnoticias.com\/index.php\/wp-json\/wp\/v2\/types\/post"}],"author":[{"embeddable":true,"href":"https:\/\/cdnoticias.com\/index.php\/wp-json\/wp\/v2\/users\/5"}],"replies":[{"embeddable":true,"href":"https:\/\/cdnoticias.com\/index.php\/wp-json\/wp\/v2\/comments?post=39545"}],"version-history":[{"count":0,"href":"https:\/\/cdnoticias.com\/index.php\/wp-json\/wp\/v2\/posts\/39545\/revisions"}],"wp:featuredmedia":[{"embeddable":true,"href":"https:\/\/cdnoticias.com\/index.php\/wp-json\/wp\/v2\/media\/33091"}],"wp:attachment":[{"href":"https:\/\/cdnoticias.com\/index.php\/wp-json\/wp\/v2\/media?parent=39545"}],"wp:term":[{"taxonomy":"category","embeddable":true,"href":"https:\/\/cdnoticias.com\/index.php\/wp-json\/wp\/v2\/categories?post=39545"},{"taxonomy":"post_tag","embeddable":true,"href":"https:\/\/cdnoticias.com\/index.php\/wp-json\/wp\/v2\/tags?post=39545"}],"curies":[{"name":"wp","href":"https:\/\/api.w.org\/{rel}","templated":true}]}}