{"id":39543,"date":"2021-11-23T20:08:13","date_gmt":"2021-11-23T23:08:13","guid":{"rendered":"http:\/\/www.centraldenoticias.com.ar\/?p=39543"},"modified":"2021-11-23T20:08:13","modified_gmt":"2021-11-23T23:08:13","slug":"reabrio-sus-puertas-el-centro-cultural-de-sierras-bayas","status":"publish","type":"post","link":"https:\/\/cdnoticias.com\/index.php\/2021\/11\/23\/reabrio-sus-puertas-el-centro-cultural-de-sierras-bayas\/","title":{"rendered":"Reabri\u00f3 sus puertas el Centro Cultural de Sierras Bayas"},"content":{"rendered":"<p>Fue el pasado fin de semana con la presentaci\u00f3n del actor\u00a0Atilio Veronelli. El espacio permaneci\u00f3 cerrado debido a las medidas sanitarias dispuestas por el coronavirus.\u00a0<!--more--><\/p>\n<hr \/>\n<p>&nbsp;<\/p>\n<p>El pasado<strong> fin de semana reabri\u00f3 sus puertas el Centro Cultural Sierras Bayas,<\/strong> con la presentaci\u00f3n del reconocido actor <strong>Atilio Veronelli<\/strong> quien present\u00f3 su<strong> unipersonal \u201cVe ro ne lli (Separado)\u201d<\/strong> y <strong>ofreci\u00f3 un seminario de actuaci\u00f3n<\/strong> para todos los interesados.<\/p>\n<p>&nbsp;<\/p>\n<p><strong>Tras su reapertura,<\/strong> en la ma\u00f1ana de este martes, el<strong> Centro Cultural sierrabayense recibi\u00f3 la visita del intendente Ezequiel Galli<\/strong>, junto al secretario de Desarrollo Humano y Calidad de Vida, <strong>Diego Robbiani<\/strong> y el director de Cultura, <strong>Mariano Sarthou<\/strong>. En el lugar les dio la bienvenida Bel\u00e9n, encargada del sitio.<\/p>\n<p>&nbsp;<\/p>\n<p>&#8220;Cabe recordar que la<strong> gesti\u00f3n que encabeza Ezequiel Galli<\/strong> fue quien llev\u00f3 adelante la puesta en valor del Centro Cultural de Sierras Bayas: un significativo y arduo trabajo de <strong>refacci\u00f3n y renovaci\u00f3n total del espacio que demand\u00f3 una inversi\u00f3n superior a los 400 mil pesos<\/strong>, provenientes de la partida<strong> presupuestaria provincial<\/strong>&#8221; se indic\u00f3 desde el Municipio.<\/p>\n<p>&nbsp;<\/p>\n<p><strong>&#8220;Las tareas se llevaron a cabo en el a\u00f1o 2016<\/strong> y comprendieron la<strong> refacci\u00f3n de la sala de teatro<\/strong> (que cuenta con 225 butacas), as\u00ed como tambi\u00e9n el revestimiento en todo el per\u00edmetro de la sala, a la altura del escenario, la construcci\u00f3n de una estructura met\u00e1lica nueva en el subsuelo y la reparaci\u00f3n del piso de pinotea. El plan de trabajos incluy\u00f3 no s\u00f3lo la revisi\u00f3n de toda la <strong>instalaci\u00f3n el\u00e9ctrica,<\/strong> sino adem\u00e1s la <strong>pintura<\/strong> de la mamposter\u00eda, revestimiento, carpinter\u00eda, barandas y butacas y dem\u00e1s<strong> tareas de refacci\u00f3n en general.<\/strong>&#8221; se detall\u00f3.<\/p>\n<p>&nbsp;<\/p>\n<p>&nbsp;<\/p>\n","protected":false},"excerpt":{"rendered":"<p>Fue el pasado fin de semana con la presentaci\u00f3n del actor\u00a0Atilio Veronelli. El espacio permaneci\u00f3 cerrado debido a las medidas<\/p>\n","protected":false},"author":6,"featured_media":39544,"comment_status":"closed","ping_status":"closed","sticky":false,"template":"","format":"standard","meta":{"_jetpack_memberships_contains_paid_content":false,"footnotes":""},"categories":[9,1],"tags":[],"class_list":["post-39543","post","type-post","status-publish","format-standard","has-post-thumbnail","hentry","category-cultura","category-portada"],"jetpack_featured_media_url":"https:\/\/i0.wp.com\/cdnoticias.com\/wp-content\/uploads\/2021\/11\/Cultura-Centro-Cultural-Sierras-Bayas-1024x685.jpg?fit=1024%2C685&ssl=1","jetpack_sharing_enabled":true,"_links":{"self":[{"href":"https:\/\/cdnoticias.com\/index.php\/wp-json\/wp\/v2\/posts\/39543","targetHints":{"allow":["GET"]}}],"collection":[{"href":"https:\/\/cdnoticias.com\/index.php\/wp-json\/wp\/v2\/posts"}],"about":[{"href":"https:\/\/cdnoticias.com\/index.php\/wp-json\/wp\/v2\/types\/post"}],"author":[{"embeddable":true,"href":"https:\/\/cdnoticias.com\/index.php\/wp-json\/wp\/v2\/users\/6"}],"replies":[{"embeddable":true,"href":"https:\/\/cdnoticias.com\/index.php\/wp-json\/wp\/v2\/comments?post=39543"}],"version-history":[{"count":0,"href":"https:\/\/cdnoticias.com\/index.php\/wp-json\/wp\/v2\/posts\/39543\/revisions"}],"wp:featuredmedia":[{"embeddable":true,"href":"https:\/\/cdnoticias.com\/index.php\/wp-json\/wp\/v2\/media\/39544"}],"wp:attachment":[{"href":"https:\/\/cdnoticias.com\/index.php\/wp-json\/wp\/v2\/media?parent=39543"}],"wp:term":[{"taxonomy":"category","embeddable":true,"href":"https:\/\/cdnoticias.com\/index.php\/wp-json\/wp\/v2\/categories?post=39543"},{"taxonomy":"post_tag","embeddable":true,"href":"https:\/\/cdnoticias.com\/index.php\/wp-json\/wp\/v2\/tags?post=39543"}],"curies":[{"name":"wp","href":"https:\/\/api.w.org\/{rel}","templated":true}]}}