{"id":39532,"date":"2021-11-23T15:06:50","date_gmt":"2021-11-23T18:06:50","guid":{"rendered":"http:\/\/www.centraldenoticias.com.ar\/?p=39532"},"modified":"2021-11-23T15:06:50","modified_gmt":"2021-11-23T18:06:50","slug":"eugenia-marta-trejo-q-e-p-d","status":"publish","type":"post","link":"https:\/\/cdnoticias.com\/index.php\/2021\/11\/23\/eugenia-marta-trejo-q-e-p-d\/","title":{"rendered":"Eugenia Marta Trejo (Q.E.P.D.)"},"content":{"rendered":"<p>Falleci\u00f3 en Olavarr\u00eda el 23 de noviembre a los 72 a\u00f1os. Participan con profundo dolor el fallecimiento de su querida madre; sus hijos Mar\u00eda Silvia Villa, Carlos Leonardo Villa y Fernando Le\u00f3nidas Villa y dem\u00e1s familiares participan su fallecimiento.<\/p>\n<p>&nbsp;<\/p>\n<p>Sus restos ser\u00e1n velados en sala de Hinojo Calle 14 N\u00b0 1637 (comienza 13:30 y finaliza 17:30) y cremados en Crematorio Pinos de Paz previo responso en la capilla ardiente, en d\u00eda y horario a confirmar. Vecina de Hinojo. Nacida en Sierras Bayas. Jubilada.<\/p>\n","protected":false},"excerpt":{"rendered":"<p>Falleci\u00f3 en Olavarr\u00eda el 23 de noviembre a los 72 a\u00f1os. Participan con profundo dolor el fallecimiento de su querida<\/p>\n","protected":false},"author":5,"featured_media":0,"comment_status":"closed","ping_status":"closed","sticky":false,"template":"","format":"standard","meta":{"_jetpack_memberships_contains_paid_content":false,"footnotes":""},"categories":[10],"tags":[],"class_list":["post-39532","post","type-post","status-publish","format-standard","hentry","category-necrologicas"],"jetpack_featured_media_url":"","jetpack_sharing_enabled":true,"_links":{"self":[{"href":"https:\/\/cdnoticias.com\/index.php\/wp-json\/wp\/v2\/posts\/39532","targetHints":{"allow":["GET"]}}],"collection":[{"href":"https:\/\/cdnoticias.com\/index.php\/wp-json\/wp\/v2\/posts"}],"about":[{"href":"https:\/\/cdnoticias.com\/index.php\/wp-json\/wp\/v2\/types\/post"}],"author":[{"embeddable":true,"href":"https:\/\/cdnoticias.com\/index.php\/wp-json\/wp\/v2\/users\/5"}],"replies":[{"embeddable":true,"href":"https:\/\/cdnoticias.com\/index.php\/wp-json\/wp\/v2\/comments?post=39532"}],"version-history":[{"count":0,"href":"https:\/\/cdnoticias.com\/index.php\/wp-json\/wp\/v2\/posts\/39532\/revisions"}],"wp:attachment":[{"href":"https:\/\/cdnoticias.com\/index.php\/wp-json\/wp\/v2\/media?parent=39532"}],"wp:term":[{"taxonomy":"category","embeddable":true,"href":"https:\/\/cdnoticias.com\/index.php\/wp-json\/wp\/v2\/categories?post=39532"},{"taxonomy":"post_tag","embeddable":true,"href":"https:\/\/cdnoticias.com\/index.php\/wp-json\/wp\/v2\/tags?post=39532"}],"curies":[{"name":"wp","href":"https:\/\/api.w.org\/{rel}","templated":true}]}}