{"id":39529,"date":"2021-11-23T13:51:32","date_gmt":"2021-11-23T16:51:32","guid":{"rendered":"http:\/\/www.centraldenoticias.com.ar\/?p=39529"},"modified":"2021-11-23T16:12:47","modified_gmt":"2021-11-23T19:12:47","slug":"ezequiel-galli-dijo-que-el-limite-de-la-reeleccion-es-sano","status":"publish","type":"post","link":"https:\/\/cdnoticias.com\/index.php\/2021\/11\/23\/ezequiel-galli-dijo-que-el-limite-de-la-reeleccion-es-sano\/","title":{"rendered":"Ezequiel Galli dijo que \u201cel l\u00edmite de la reelecci\u00f3n es sano\u201d"},"content":{"rendered":"<p>El intendente se refiri\u00f3 a la norma que limit\u00f3 a dos per\u00edodos consecutivos los mandatos de los jefes comunales.\u00a0<!--more--><\/p>\n<hr \/>\n<p><strong>El intendente de Olavarr\u00eda, Ezequiel Galli, consider\u00f3 este martes que \u201cel l\u00edmite de la reelecci\u00f3n\u201d de los jefes comunales \u201ces sano\u201d<\/strong> y sostuvo que derogar la ley que lo dispuso no ser\u00eda \u201cuna buena se\u00f1al para la ciudadan\u00eda\u201d.<\/p>\n<p>&nbsp;<\/p>\n<p>Galli se refiri\u00f3 a la <strong>norma que modific\u00f3 en 2016 la Ley Org\u00e1nica Municipal y limit\u00f3 a dos per\u00edodos consecutivos los mandatos de los intendentes de la provincia de Buenos Aires<\/strong>, por lo que la gran mayor\u00eda no podr\u00e1 renovar en 2023.<\/p>\n<p>&nbsp;<\/p>\n<blockquote><p>\u201cEl l\u00edmite de la reelecci\u00f3n siempre es sano. Nada le hace peor a una gesti\u00f3n que eternizarse en el poder. Creo que la ley es buena y es una ley de consenso. Derogarla no es una buena se\u00f1al para la ciudadan\u00eda\u201d, dijo en di\u00e1logo con Radio Provincia.<\/p><\/blockquote>\n<p>&nbsp;<\/p>\n<p><img data-recalc-dims=\"1\" loading=\"lazy\" decoding=\"async\" class=\"size-large wp-image-35741 aligncenter\" src=\"https:\/\/i0.wp.com\/cdnoticias.com\/wp-content\/uploads\/2021\/10\/actoJuntos15.jpg?resize=800%2C445&#038;ssl=1\" alt=\"\" width=\"800\" height=\"445\" srcset=\"https:\/\/i0.wp.com\/cdnoticias.com\/wp-content\/uploads\/2021\/10\/actoJuntos15.jpg?resize=1024%2C570&amp;ssl=1 1024w, https:\/\/i0.wp.com\/cdnoticias.com\/wp-content\/uploads\/2021\/10\/actoJuntos15.jpg?resize=300%2C167&amp;ssl=1 300w, https:\/\/i0.wp.com\/cdnoticias.com\/wp-content\/uploads\/2021\/10\/actoJuntos15.jpg?resize=768%2C427&amp;ssl=1 768w, https:\/\/i0.wp.com\/cdnoticias.com\/wp-content\/uploads\/2021\/10\/actoJuntos15.jpg?resize=800%2C445&amp;ssl=1 800w, https:\/\/i0.wp.com\/cdnoticias.com\/wp-content\/uploads\/2021\/10\/actoJuntos15.jpg?w=1152&amp;ssl=1 1152w\" sizes=\"auto, (max-width: 800px) 100vw, 800px\" \/><\/p>\n<p>&nbsp;<\/p>\n<p>El jefe comunal indic\u00f3 que <strong>est\u00e1 en discusi\u00f3n si la normativa \u201cpuede ser retroactiva o no\u201d<\/strong>. \u201cSi se termina interpretando que la ley no debe ser retroactiva deber\u00edamos poder tener un mandato m\u00e1s los intendentes que asumimos en 2015\u201d, agreg\u00f3.<\/p>\n<p>&nbsp;<\/p>\n<p>Galli se refiri\u00f3 tambi\u00e9n<a href=\"https:\/\/cdnoticias.com\/index.php\/2021\/11\/17\/la-eleccion-legislativa-al-detalle-que-paso-circuito-por-circuito\/\" target=\"_blank\" rel=\"noopener\"> al resultado de las elecciones legislativas<\/a>. <strong>\u201cA nivel nacional la diferencia fue importante, fue una gran elecci\u00f3n la que hicimos en Juntos. El balance es s\u00faper positivo\u201d<\/strong>, consider\u00f3.<\/p>\n<p>&nbsp;<\/p>\n<blockquote><p>Y agreg\u00f3: \u201cDesde 2015 dicen que va a ser dif\u00edcil sostenernos juntos, sin embargo hicimos una PASO y despu\u00e9s armamos una lista de unidad. Diferencias habr\u00e1, lo importante es conservar la unidad y ser gobierno en 2023\u201d.<\/p><\/blockquote>\n<p>&nbsp;<\/p>\n<p>Fuente:<em> Agencia DIB<\/em><\/p>\n","protected":false},"excerpt":{"rendered":"<p>El intendente se refiri\u00f3 a la norma que limit\u00f3 a dos per\u00edodos consecutivos los mandatos de los jefes comunales.\u00a0<\/p>\n","protected":false},"author":4,"featured_media":37822,"comment_status":"closed","ping_status":"closed","sticky":false,"template":"","format":"standard","meta":{"_jetpack_memberships_contains_paid_content":false,"footnotes":""},"categories":[4,1],"tags":[],"class_list":["post-39529","post","type-post","status-publish","format-standard","has-post-thumbnail","hentry","category-politica","category-portada"],"jetpack_featured_media_url":"https:\/\/i0.wp.com\/cdnoticias.com\/wp-content\/uploads\/2021\/11\/Manes-Santilli-Galli.jpg?fit=800%2C445&ssl=1","jetpack_sharing_enabled":true,"_links":{"self":[{"href":"https:\/\/cdnoticias.com\/index.php\/wp-json\/wp\/v2\/posts\/39529","targetHints":{"allow":["GET"]}}],"collection":[{"href":"https:\/\/cdnoticias.com\/index.php\/wp-json\/wp\/v2\/posts"}],"about":[{"href":"https:\/\/cdnoticias.com\/index.php\/wp-json\/wp\/v2\/types\/post"}],"author":[{"embeddable":true,"href":"https:\/\/cdnoticias.com\/index.php\/wp-json\/wp\/v2\/users\/4"}],"replies":[{"embeddable":true,"href":"https:\/\/cdnoticias.com\/index.php\/wp-json\/wp\/v2\/comments?post=39529"}],"version-history":[{"count":0,"href":"https:\/\/cdnoticias.com\/index.php\/wp-json\/wp\/v2\/posts\/39529\/revisions"}],"wp:featuredmedia":[{"embeddable":true,"href":"https:\/\/cdnoticias.com\/index.php\/wp-json\/wp\/v2\/media\/37822"}],"wp:attachment":[{"href":"https:\/\/cdnoticias.com\/index.php\/wp-json\/wp\/v2\/media?parent=39529"}],"wp:term":[{"taxonomy":"category","embeddable":true,"href":"https:\/\/cdnoticias.com\/index.php\/wp-json\/wp\/v2\/categories?post=39529"},{"taxonomy":"post_tag","embeddable":true,"href":"https:\/\/cdnoticias.com\/index.php\/wp-json\/wp\/v2\/tags?post=39529"}],"curies":[{"name":"wp","href":"https:\/\/api.w.org\/{rel}","templated":true}]}}