{"id":39520,"date":"2021-11-23T16:12:31","date_gmt":"2021-11-23T19:12:31","guid":{"rendered":"http:\/\/www.centraldenoticias.com.ar\/?p=39520"},"modified":"2021-11-23T19:30:27","modified_gmt":"2021-11-23T22:30:27","slug":"hcd-ubaldo-garcia-afirmo-que-quedaron-muchisimas-dudas-tras-la-exposicion-de-bezzoni","status":"publish","type":"post","link":"https:\/\/cdnoticias.com\/index.php\/2021\/11\/23\/hcd-ubaldo-garcia-afirmo-que-quedaron-muchisimas-dudas-tras-la-exposicion-de-bezzoni\/","title":{"rendered":"HCD: Ubaldo Garc\u00eda afirm\u00f3 que quedaron \u201cmuch\u00edsimas dudas\u201d tras la exposici\u00f3n de Bezzoni"},"content":{"rendered":"<p>El concejal del Frente de Todos estuvo este martes en la reuni\u00f3n en la que se analiz\u00f3 el Presupuesto 2022.<!--more--><\/p>\n<hr \/>\n<p><strong>La comisi\u00f3n de Hacienda del Concejo Deliberante recibi\u00f3 este martes a la secretaria de Econom\u00eda y Hacienda municipal, Eugenia Bezzoni<\/strong>, citada en el marco del estudio del Presupuesto 2022, <a href=\"https:\/\/cdnoticias.com\/index.php\/2021\/11\/22\/presupuesto-2022-se-espera-la-concurrencia-de-eugenia-bezzoni-al-hcd\/\" target=\"_blank\" rel=\"noopener\">tal como se hab\u00eda adelantado<\/a>.<\/p>\n<p>&nbsp;<\/p>\n<p>Estuvieron los concejales de la comisi\u00f3n que preside Celeste Arouxet (Ahora Olavarr\u00eda), entre ellos <strong>Ubaldo Garc\u00eda (Frente de Todos) quien asegur\u00f3 que \u201crealmente las dudas que ten\u00edamos antes son las mismas que tenemos ahora\u201d<\/strong>, con lo que no consider\u00f3 satisfactorio el encuentro.<\/p>\n<p>&nbsp;<\/p>\n<p><strong>Participaron tambi\u00e9n ediles de la comisi\u00f3n de Legislaci\u00f3n<\/strong>, que ser\u00e1 la pr\u00f3xima en analizar el proyecto.<\/p>\n<p>&nbsp;<\/p>\n<p><img data-recalc-dims=\"1\" loading=\"lazy\" decoding=\"async\" class=\"size-large wp-image-27312 aligncenter\" src=\"https:\/\/i0.wp.com\/cdnoticias.com\/wp-content\/uploads\/2021\/07\/HCD-Ubaldo-Garcia.jpeg?resize=800%2C445&#038;ssl=1\" alt=\"\" width=\"800\" height=\"445\" srcset=\"https:\/\/i0.wp.com\/cdnoticias.com\/wp-content\/uploads\/2021\/07\/HCD-Ubaldo-Garcia.jpeg?resize=1024%2C570&amp;ssl=1 1024w, https:\/\/i0.wp.com\/cdnoticias.com\/wp-content\/uploads\/2021\/07\/HCD-Ubaldo-Garcia.jpeg?resize=300%2C167&amp;ssl=1 300w, https:\/\/i0.wp.com\/cdnoticias.com\/wp-content\/uploads\/2021\/07\/HCD-Ubaldo-Garcia.jpeg?resize=768%2C427&amp;ssl=1 768w, https:\/\/i0.wp.com\/cdnoticias.com\/wp-content\/uploads\/2021\/07\/HCD-Ubaldo-Garcia.jpeg?resize=800%2C445&amp;ssl=1 800w, https:\/\/i0.wp.com\/cdnoticias.com\/wp-content\/uploads\/2021\/07\/HCD-Ubaldo-Garcia.jpeg?w=1280&amp;ssl=1 1280w\" sizes=\"auto, (max-width: 800px) 100vw, 800px\" \/><\/p>\n<p>&nbsp;<\/p>\n<p>El concejal coment\u00f3 que entre los temas sobre los que se consult\u00f3 a la secretaria municipal estuvieron <strong>las viviendas TUVI<\/strong> previstas para 2022, <strong>la deuda de Coopelectric con el Municipio por el Fondo de Infraestructura (FOI)<\/strong> que se paga a trav\u00e9s del servicio de obras sanitarias, y la financiaci\u00f3n para la <strong>paritaria<\/strong> del a\u00f1o pr\u00f3ximo.<strong> \u201cHay much\u00edsimas dudas\u201d<\/strong> afirm\u00f3 el concejal.<\/p>\n<p>&nbsp;<\/p>\n<blockquote><p>\u201cEl presupuesto es superavitario, pero no contempla la paritaria 2022. Con esa paritaria pasar\u00e1 ser deficitario. Sobre ese d\u00e9ficit tampoco aclara c\u00f3mo lo va a financiar\u201d explic\u00f3 Garc\u00eda quien se\u00f1al\u00f3 que ante la consulta, Bezzoni respondi\u00f3 que \u201cla paritaria va a cerrar en agosto y hasta ese momento van a ir recaudando por lo tanto queda en claro que parte del d\u00e9ficit lo terminan pagando los trabajadores municipales\u201d.<\/p><\/blockquote>\n<p>&nbsp;<\/p>\n<p>Al cierre de la reuni\u00f3n de este martes <strong>el expediente permanece en Hacienda<\/strong> y, tal como inform\u00f3 Garc\u00eda, se defini\u00f3 elevar una serie de consultas por escrito al Ejecutivo municipal a fin de obtener mayor informaci\u00f3n.<\/p>\n","protected":false},"excerpt":{"rendered":"<p>El concejal del Frente de Todos estuvo este martes en la reuni\u00f3n en la que se analiz\u00f3 el Presupuesto 2022.<\/p>\n","protected":false},"author":4,"featured_media":4734,"comment_status":"closed","ping_status":"closed","sticky":false,"template":"","format":"standard","meta":{"_jetpack_memberships_contains_paid_content":false,"footnotes":""},"categories":[4,1],"tags":[],"class_list":["post-39520","post","type-post","status-publish","format-standard","has-post-thumbnail","hentry","category-politica","category-portada"],"jetpack_featured_media_url":"https:\/\/i0.wp.com\/cdnoticias.com\/wp-content\/uploads\/2020\/10\/Hacienda-Eugenia-Bezzoni-1024x682.jpg?fit=1024%2C682&ssl=1","jetpack_sharing_enabled":true,"_links":{"self":[{"href":"https:\/\/cdnoticias.com\/index.php\/wp-json\/wp\/v2\/posts\/39520","targetHints":{"allow":["GET"]}}],"collection":[{"href":"https:\/\/cdnoticias.com\/index.php\/wp-json\/wp\/v2\/posts"}],"about":[{"href":"https:\/\/cdnoticias.com\/index.php\/wp-json\/wp\/v2\/types\/post"}],"author":[{"embeddable":true,"href":"https:\/\/cdnoticias.com\/index.php\/wp-json\/wp\/v2\/users\/4"}],"replies":[{"embeddable":true,"href":"https:\/\/cdnoticias.com\/index.php\/wp-json\/wp\/v2\/comments?post=39520"}],"version-history":[{"count":0,"href":"https:\/\/cdnoticias.com\/index.php\/wp-json\/wp\/v2\/posts\/39520\/revisions"}],"wp:featuredmedia":[{"embeddable":true,"href":"https:\/\/cdnoticias.com\/index.php\/wp-json\/wp\/v2\/media\/4734"}],"wp:attachment":[{"href":"https:\/\/cdnoticias.com\/index.php\/wp-json\/wp\/v2\/media?parent=39520"}],"wp:term":[{"taxonomy":"category","embeddable":true,"href":"https:\/\/cdnoticias.com\/index.php\/wp-json\/wp\/v2\/categories?post=39520"},{"taxonomy":"post_tag","embeddable":true,"href":"https:\/\/cdnoticias.com\/index.php\/wp-json\/wp\/v2\/tags?post=39520"}],"curies":[{"name":"wp","href":"https:\/\/api.w.org\/{rel}","templated":true}]}}