{"id":39495,"date":"2021-11-23T12:11:08","date_gmt":"2021-11-23T15:11:08","guid":{"rendered":"http:\/\/www.centraldenoticias.com.ar\/?p=39495"},"modified":"2021-11-23T13:09:36","modified_gmt":"2021-11-23T16:09:36","slug":"un-paso-mas-para-concretar-el-jardin-929","status":"publish","type":"post","link":"https:\/\/cdnoticias.com\/index.php\/2021\/11\/23\/un-paso-mas-para-concretar-el-jardin-929\/","title":{"rendered":"Un paso m\u00e1s para concretar el Jard\u00edn 929"},"content":{"rendered":"<p>En el lugar donde se emplazar\u00e1 la sede ya cuenta con la carteler\u00eda. A mediados de octubre el Ejecutivo municipal hab\u00eda anunciado la obra, que se incluy\u00f3 en el Presupuesto 2022.<\/p>\n<p><!--more--><\/p>\n<hr \/>\n<p>La concreci\u00f3n de la construcci\u00f3n de un edificio propio para el <strong>Jard\u00edn 929<\/strong> ya dio un nuevo paso: <strong>el Municipio coloc\u00f3 la carteler\u00eda que anuncia la obra en el lugar donde estar\u00e1 emplazado.<\/strong><\/p>\n<p>&nbsp;<\/p>\n<p><strong>Es en un lote de Vicente L\u00f3pez al 3500<\/strong>, tal como lo hab\u00eda adelantado el intendente Ezequiel Galli <a href=\"https:\/\/cdnoticias.com\/index.php\/2021\/10\/19\/con-eje-en-la-calidad-educativa-galli-anuncio-la-construccion-del-jardin-929\/\" target=\"_blank\" rel=\"noopener\">a mediados de octubre cuando anunci\u00f3 el proyecto de obra<\/a> junto a las autoridades del establecimiento educativo, adem\u00e1s de los funcionarios del Gabinete municipal.<\/p>\n<p>&nbsp;<\/p>\n<p><img data-recalc-dims=\"1\" loading=\"lazy\" decoding=\"async\" class=\"size-full wp-image-39497 aligncenter\" src=\"https:\/\/i0.wp.com\/cdnoticias.com\/wp-content\/uploads\/2021\/11\/jardin-929-cartel-02.jpg?resize=800%2C600&#038;ssl=1\" alt=\"\" width=\"800\" height=\"600\" srcset=\"https:\/\/i0.wp.com\/cdnoticias.com\/wp-content\/uploads\/2021\/11\/jardin-929-cartel-02.jpg?w=800&amp;ssl=1 800w, https:\/\/i0.wp.com\/cdnoticias.com\/wp-content\/uploads\/2021\/11\/jardin-929-cartel-02.jpg?resize=300%2C225&amp;ssl=1 300w, https:\/\/i0.wp.com\/cdnoticias.com\/wp-content\/uploads\/2021\/11\/jardin-929-cartel-02.jpg?resize=768%2C576&amp;ssl=1 768w\" sizes=\"auto, (max-width: 800px) 100vw, 800px\" \/><\/p>\n<p>&nbsp;<\/p>\n<p>Cabe recordar que <a href=\"https:\/\/cdnoticias.com\/index.php\/2021\/10\/29\/presupuesto-2022-fue-presentado-por-galli-y-supera-los-8-mil-millones-de-pesos\/\" target=\"_blank\" rel=\"noopener\">esta construcci\u00f3n se incluy\u00f3 en el Presupuesto 2022<\/a>, adem\u00e1s de la construcci\u00f3n de otro edificio destinado al Jard\u00edn 922.<\/p>\n<p>&nbsp;<\/p>\n<blockquote><p>Hace un mes, cuando se hizo el anuncio, se detall\u00f3 que el Jard\u00edn 929 tendr\u00e1 460 metros cuadrados distribuidos en tres plantas y que se busca \u201cque los chicos tengan las condiciones edilicias que se merecen para tener una educaci\u00f3n de calidad\u201d.<\/p><\/blockquote>\n<p>&nbsp;<\/p>\n<p><img data-recalc-dims=\"1\" loading=\"lazy\" decoding=\"async\" class=\"size-full wp-image-39496 aligncenter\" src=\"https:\/\/i0.wp.com\/cdnoticias.com\/wp-content\/uploads\/2021\/11\/jardin-929-cartel-01.jpg?resize=800%2C445&#038;ssl=1\" alt=\"\" width=\"800\" height=\"445\" srcset=\"https:\/\/i0.wp.com\/cdnoticias.com\/wp-content\/uploads\/2021\/11\/jardin-929-cartel-01.jpg?w=800&amp;ssl=1 800w, https:\/\/i0.wp.com\/cdnoticias.com\/wp-content\/uploads\/2021\/11\/jardin-929-cartel-01.jpg?resize=300%2C167&amp;ssl=1 300w, https:\/\/i0.wp.com\/cdnoticias.com\/wp-content\/uploads\/2021\/11\/jardin-929-cartel-01.jpg?resize=768%2C427&amp;ssl=1 768w\" sizes=\"auto, (max-width: 800px) 100vw, 800px\" \/><\/p>\n","protected":false},"excerpt":{"rendered":"<p>En el lugar donde se emplazar\u00e1 la sede ya cuenta con la carteler\u00eda. A mediados de octubre el Ejecutivo municipal<\/p>\n","protected":false},"author":4,"featured_media":39498,"comment_status":"closed","ping_status":"closed","sticky":false,"template":"","format":"standard","meta":{"_jetpack_memberships_contains_paid_content":false,"footnotes":""},"categories":[5,1],"tags":[],"class_list":["post-39495","post","type-post","status-publish","format-standard","has-post-thumbnail","hentry","category-informacion-general","category-portada"],"jetpack_featured_media_url":"https:\/\/i0.wp.com\/cdnoticias.com\/wp-content\/uploads\/2021\/11\/jardin-929-cartel-00.jpg?fit=800%2C445&ssl=1","jetpack_sharing_enabled":true,"_links":{"self":[{"href":"https:\/\/cdnoticias.com\/index.php\/wp-json\/wp\/v2\/posts\/39495","targetHints":{"allow":["GET"]}}],"collection":[{"href":"https:\/\/cdnoticias.com\/index.php\/wp-json\/wp\/v2\/posts"}],"about":[{"href":"https:\/\/cdnoticias.com\/index.php\/wp-json\/wp\/v2\/types\/post"}],"author":[{"embeddable":true,"href":"https:\/\/cdnoticias.com\/index.php\/wp-json\/wp\/v2\/users\/4"}],"replies":[{"embeddable":true,"href":"https:\/\/cdnoticias.com\/index.php\/wp-json\/wp\/v2\/comments?post=39495"}],"version-history":[{"count":0,"href":"https:\/\/cdnoticias.com\/index.php\/wp-json\/wp\/v2\/posts\/39495\/revisions"}],"wp:featuredmedia":[{"embeddable":true,"href":"https:\/\/cdnoticias.com\/index.php\/wp-json\/wp\/v2\/media\/39498"}],"wp:attachment":[{"href":"https:\/\/cdnoticias.com\/index.php\/wp-json\/wp\/v2\/media?parent=39495"}],"wp:term":[{"taxonomy":"category","embeddable":true,"href":"https:\/\/cdnoticias.com\/index.php\/wp-json\/wp\/v2\/categories?post=39495"},{"taxonomy":"post_tag","embeddable":true,"href":"https:\/\/cdnoticias.com\/index.php\/wp-json\/wp\/v2\/tags?post=39495"}],"curies":[{"name":"wp","href":"https:\/\/api.w.org\/{rel}","templated":true}]}}