{"id":39468,"date":"2021-11-22T18:19:54","date_gmt":"2021-11-22T21:19:54","guid":{"rendered":"http:\/\/www.centraldenoticias.com.ar\/?p=39468"},"modified":"2021-11-22T18:20:24","modified_gmt":"2021-11-22T21:20:24","slug":"azul-polemica-por-discusion-sobre-apertura-de-supermercados-el-domingos","status":"publish","type":"post","link":"https:\/\/cdnoticias.com\/index.php\/2021\/11\/22\/azul-polemica-por-discusion-sobre-apertura-de-supermercados-el-domingos\/","title":{"rendered":"Azul: pol\u00e9mica por discusi\u00f3n sobre apertura de supermercados el domingos"},"content":{"rendered":"<p>El secretario de Gobierno, Alejandro Vieyra, puso en discusi\u00f3n \u201cla necesidad\u201d de abrir estos comercios en el \u201cd\u00eda de descanso\u201d: tras manifestar \u201cconformidad\u201d de empresarios, dijo que \u201cnos encontramos con la intransigencia de los dirigentes gremiales del sector\u201d.\u00a0<!--more--><\/p>\n<hr \/>\n<p><strong>En el marco de una jornada no laboral para trabajadores de supermercados en la ciudad de Azul, el Secretario de Gobierno de la vecina ciudad, Alejandro Vieyra, plante\u00f3 la discusi\u00f3n de reabrir estos comercios los domingos<\/strong> y dijo que <em>\u201cno puede ser que no se pueda tener acceso a hacer sus compras el d\u00eda que tiene mayor tiempo para hacerlo\u201d.<\/em><\/p>\n<p>&nbsp;<\/p>\n<p>Se\u00f1al\u00f3 que presten atenci\u00f3n a la propuesta y se anticip\u00f3 a posibles cr\u00edticas: <em>\u201cplantear\u00e1n que el\u00a0Municipio tiene temas m\u00e1s prioritarios que atender. Claramente que el gobierno Municipal es la caja de resonancia de muchas situaciones que reclaman los vecinos y su pronta atenci\u00f3n y soluci\u00f3n. Una cosa no impide la otra\u201d<\/em> dijo en primera instancia.<\/p>\n<p>&nbsp;<\/p>\n<p>All\u00ed, plante\u00f3 que <em>\u201ces el momento\u201d<\/em> para <strong><em>\u201cponer en debate hasta cuando Azul va a ser el \u00fanico distrito en la Provincia que el ciudadano no pueda tener acceso a poder hacer sus compras en supermercados, el d\u00eda que tiene mayor tiempo para hacerlo: el domingo\u201d.<\/em><\/strong><\/p>\n<p>&nbsp;<\/p>\n<p>Tal es as\u00ed, que desde el Municipio de Azul<em> \u201chemos consultado informalmente con algunos centros comerciales en Azul y <strong>no solo manifestaron su predisposici\u00f3n a abrir los domingos, si no tambi\u00e9n agregaron que se sumar\u00edan mayores fuentes de trabajo<\/strong>, ya que incorporar\u00edan nuevo personal para cubrir los d\u00edas francos de los actuales empleados\u201d.<\/em><\/p>\n<p>&nbsp;<\/p>\n<p>Vieyra agreg\u00f3 adem\u00e1s como punto a favor de su propuesta que hay una \u201cgran cantidad de azule\u00f1os\u201d que<strong><em> \u201csu poder adquisitivo le permite ir los domingos a las ciudades vecinas que si tienen sus supermercados abiertos, o sea &#8220;dejan&#8221; su dinero fuera de Azul\u201d.<\/em><\/strong><\/p>\n<p>&nbsp;<\/p>\n<blockquote><p>\u201cCuando vemos que ya hay cadenas en todo el pa\u00eds que mantienen sus puertas abiertas las 24 horas;\u00a0nosotros aqu\u00ed estamos a contramano y en las ant\u00edpodas de ello\u201d.<\/p><\/blockquote>\n<p>&nbsp;<\/p>\n<p><strong>Acus\u00f3, en este sentido, a los sindicatos dado que es algo que vienen hablando desde hace varios a\u00f1os<\/strong> \u201cy nos encontramos con la intransigencia de los dirigentes gremiales del sector\u201d. Incluso, decidieron no plantear el tema en la campa\u00f1a<em> \u201cya que en la oferta electoral hab\u00eda un candidato que es el representante absoluto de la defensa del cierre de los supermercados los d\u00edas domingo\u201d.<\/em> Pasadas las elecciones,<strong><em> \u201ccreemos que es este un momento propicio para debatirlo\u201d.<\/em><\/strong><\/p>\n<p>&nbsp;<\/p>\n<p><em>\u201cEscuchar las opiniones de los ciudadanos fue un eje de campa\u00f1a de la mayor\u00eda de los espacios que compitieron en las elecciones. Seguramente no es una novedad nuestro planteo, ya que fue un tema\u00a0que surgi\u00f3 permanentemente escuchando a los vecinos\u201d<\/em> cerr\u00f3 el funcionario y quien fuera candidato de Juntos por el Pro.<\/p>\n<p>&nbsp;<\/p>\n<p><em>Informaci\u00f3n: Noticias de Azul<\/em><\/p>\n","protected":false},"excerpt":{"rendered":"<p>El secretario de Gobierno, Alejandro Vieyra, puso en discusi\u00f3n \u201cla necesidad\u201d de abrir estos comercios en el \u201cd\u00eda de descanso\u201d:<\/p>\n","protected":false},"author":2,"featured_media":1596,"comment_status":"closed","ping_status":"closed","sticky":false,"template":"","format":"standard","meta":{"_jetpack_memberships_contains_paid_content":false,"footnotes":""},"categories":[5,1],"tags":[],"class_list":["post-39468","post","type-post","status-publish","format-standard","has-post-thumbnail","hentry","category-informacion-general","category-portada"],"jetpack_featured_media_url":"https:\/\/i0.wp.com\/cdnoticias.com\/wp-content\/uploads\/2020\/09\/VieyraAzul.jpg?fit=765%2C377&ssl=1","jetpack_sharing_enabled":true,"_links":{"self":[{"href":"https:\/\/cdnoticias.com\/index.php\/wp-json\/wp\/v2\/posts\/39468","targetHints":{"allow":["GET"]}}],"collection":[{"href":"https:\/\/cdnoticias.com\/index.php\/wp-json\/wp\/v2\/posts"}],"about":[{"href":"https:\/\/cdnoticias.com\/index.php\/wp-json\/wp\/v2\/types\/post"}],"author":[{"embeddable":true,"href":"https:\/\/cdnoticias.com\/index.php\/wp-json\/wp\/v2\/users\/2"}],"replies":[{"embeddable":true,"href":"https:\/\/cdnoticias.com\/index.php\/wp-json\/wp\/v2\/comments?post=39468"}],"version-history":[{"count":0,"href":"https:\/\/cdnoticias.com\/index.php\/wp-json\/wp\/v2\/posts\/39468\/revisions"}],"wp:featuredmedia":[{"embeddable":true,"href":"https:\/\/cdnoticias.com\/index.php\/wp-json\/wp\/v2\/media\/1596"}],"wp:attachment":[{"href":"https:\/\/cdnoticias.com\/index.php\/wp-json\/wp\/v2\/media?parent=39468"}],"wp:term":[{"taxonomy":"category","embeddable":true,"href":"https:\/\/cdnoticias.com\/index.php\/wp-json\/wp\/v2\/categories?post=39468"},{"taxonomy":"post_tag","embeddable":true,"href":"https:\/\/cdnoticias.com\/index.php\/wp-json\/wp\/v2\/tags?post=39468"}],"curies":[{"name":"wp","href":"https:\/\/api.w.org\/{rel}","templated":true}]}}