{"id":39449,"date":"2021-11-22T18:47:30","date_gmt":"2021-11-22T21:47:30","guid":{"rendered":"http:\/\/www.centraldenoticias.com.ar\/?p=39449"},"modified":"2021-11-22T18:47:30","modified_gmt":"2021-11-22T21:47:30","slug":"se-realizaran-actividades-conmemorativas-por-el-dia-de-la-no-violencia-hacia-las-mujeres","status":"publish","type":"post","link":"https:\/\/cdnoticias.com\/index.php\/2021\/11\/22\/se-realizaran-actividades-conmemorativas-por-el-dia-de-la-no-violencia-hacia-las-mujeres\/","title":{"rendered":"Se realizar\u00e1n actividades conmemorativas por el D\u00eda de la No violencia hacia las mujeres"},"content":{"rendered":"<p>La propuesta es impulsada por la Direcci\u00f3n de Pol\u00edticas de G\u00e9nero.\u00a0<!--more--><\/p>\n<hr \/>\n<p>&nbsp;<\/p>\n<p>En el marco del <strong>D\u00eda Internacional de la Eliminaci\u00f3n\u00a0de todas las formas de Violencia hacia las mujeres<\/strong>, que se recuerda cada\u00a0<strong>25\u00a0de noviembre<\/strong>, la <strong>Direcci\u00f3n\u00a0de Pol\u00edticas de G\u00e9nero<\/strong> de la Municipalidad de Olavarr\u00eda llevar\u00e1 adelante <strong>diversas actividades<\/strong> territoriales para conmemorar la fecha.<\/p>\n<p>&nbsp;<\/p>\n<p>Con propuestas en distintos puntos de la ciudad, se prev\u00e9n <strong>muestras y jornadas art\u00edsticas, encuentros de capacitaci\u00f3n, y entrega de diplomas.<\/strong><\/p>\n<p>&nbsp;<\/p>\n<p>El <strong>martes 23 en el Centro Cultural San Jos\u00e9<\/strong>, se dar\u00e1 comienzo a este ciclo de actividades,\u00a0inaugurando el retorno a la presencialidad de las<strong> actividades de Ley Micaela<\/strong> impulsadas por la Direcci\u00f3n.<\/p>\n<p>&nbsp;<\/p>\n<p>El <strong>d\u00eda 24<\/strong>, por segundo a\u00f1o consecutivo, se presentar\u00e1 la <strong>Muestra Itinerante\u00a0Refranes Populares: El Lenguaje Como Herramienta Machista\u00a8<\/strong> en instalaciones del<strong>\u00a0Servicio Territorial Municipal N\u00ba2.\u00a0<\/strong><\/p>\n<p>&nbsp;<\/p>\n<p>&#8220;La<strong> propuesta invita a la reflexi\u00f3n y la revisi\u00f3n de las propias pr\u00e1cticas<\/strong> a partir de un trabajo de<strong> recopilaci\u00f3n de dichos, expresiones de uso com\u00fan y refranes conocidos e instalados socialmente<\/strong> que fueron parte de la<strong> creaci\u00f3n de una imagen estereotipada sobre las mujeres<\/strong>.&#8221; se indic\u00f3.<\/p>\n<p>&nbsp;<\/p>\n<p>Por otra parte, el <strong>d\u00eda 26 a las 19:30<\/strong> se llevar\u00e1 a cabo en el <strong>Centro Cultural San Jos\u00e9<\/strong> el<strong> acto de cierre de la\u00a0capacitaci\u00f3n en materia de g\u00e9nero para periodistas y medios locales<\/strong> llevada adelante por la <strong>Mesa Local contra la Violencia familiar y de G\u00e9nero<\/strong> en el marco del\u00a0<strong>Acta Acuerdo en el cual referentes de 16 medios locales firmaron junto al Municipio<\/strong> para trabajar en corresponsabilidad con respecto al\u00a0<strong>tratamiento informativo adecuado de situaciones de violencia<\/strong> <strong>por razones de\u00a0g\u00e9nero,<\/strong> que involucren especialmente a<strong> mujeres, y\/o ni\u00f1os, ni\u00f1as adolescentes y personas del colectivo LGBTIQ+.<\/strong><\/p>\n<p>&nbsp;<\/p>\n<p>En ese marco, adem\u00e1s, <strong>se presentar\u00e1 oficialmente el isologo de la Mesa Local<\/strong>, realizado por <strong>estudiantes de la Escuela de Artes Visuales \u00a8Miguel A. Galgano\u00a8.<\/strong><\/p>\n<p>&nbsp;<\/p>\n<p>Por \u00faltimo, durante <strong>toda la semana se llevar\u00e1 adelante la realizaci\u00f3n de un mural conmemorativo<\/strong> en la <strong>Direcci\u00f3n de Pol\u00edticas de G\u00e9nero<\/strong> con mujeres del grupo terap\u00e9utico que asisten a dicho espacio.<\/p>\n<p>&nbsp;<\/p>\n<p>&#8220;Se piensa esta actividad como la <strong>construcci\u00f3n colectiva de un mural sobre la tem\u00e1tica \u201clas mujeres\u201d,<\/strong> desde una <strong>metodolog\u00eda art\u00edstica-socioterap\u00e9utica,<\/strong> que se plasmar\u00e1 en varios encuentros, <strong>interviniendo una de las paredes de la sede<\/strong> donde funciona la Direcci\u00f3n.&#8221; se manifest\u00f3.<\/p>\n<p>&nbsp;<\/p>\n","protected":false},"excerpt":{"rendered":"<p>La propuesta es impulsada por la Direcci\u00f3n de Pol\u00edticas de G\u00e9nero.\u00a0<\/p>\n","protected":false},"author":6,"featured_media":39451,"comment_status":"closed","ping_status":"closed","sticky":false,"template":"","format":"standard","meta":{"_jetpack_memberships_contains_paid_content":false,"footnotes":""},"categories":[3,1],"tags":[],"class_list":["post-39449","post","type-post","status-publish","format-standard","has-post-thumbnail","hentry","category-genero","category-portada"],"jetpack_featured_media_url":"https:\/\/i0.wp.com\/cdnoticias.com\/wp-content\/uploads\/2021\/11\/Cultura-Muestra-Refranes-Populares-1024x683.jpg?fit=1024%2C683&ssl=1","jetpack_sharing_enabled":true,"_links":{"self":[{"href":"https:\/\/cdnoticias.com\/index.php\/wp-json\/wp\/v2\/posts\/39449","targetHints":{"allow":["GET"]}}],"collection":[{"href":"https:\/\/cdnoticias.com\/index.php\/wp-json\/wp\/v2\/posts"}],"about":[{"href":"https:\/\/cdnoticias.com\/index.php\/wp-json\/wp\/v2\/types\/post"}],"author":[{"embeddable":true,"href":"https:\/\/cdnoticias.com\/index.php\/wp-json\/wp\/v2\/users\/6"}],"replies":[{"embeddable":true,"href":"https:\/\/cdnoticias.com\/index.php\/wp-json\/wp\/v2\/comments?post=39449"}],"version-history":[{"count":0,"href":"https:\/\/cdnoticias.com\/index.php\/wp-json\/wp\/v2\/posts\/39449\/revisions"}],"wp:featuredmedia":[{"embeddable":true,"href":"https:\/\/cdnoticias.com\/index.php\/wp-json\/wp\/v2\/media\/39451"}],"wp:attachment":[{"href":"https:\/\/cdnoticias.com\/index.php\/wp-json\/wp\/v2\/media?parent=39449"}],"wp:term":[{"taxonomy":"category","embeddable":true,"href":"https:\/\/cdnoticias.com\/index.php\/wp-json\/wp\/v2\/categories?post=39449"},{"taxonomy":"post_tag","embeddable":true,"href":"https:\/\/cdnoticias.com\/index.php\/wp-json\/wp\/v2\/tags?post=39449"}],"curies":[{"name":"wp","href":"https:\/\/api.w.org\/{rel}","templated":true}]}}