{"id":3941,"date":"2020-10-14T18:21:09","date_gmt":"2020-10-14T21:21:09","guid":{"rendered":"http:\/\/www.centraldenoticias.com.ar\/?p=3941"},"modified":"2020-10-14T18:21:09","modified_gmt":"2020-10-14T21:21:09","slug":"mujeres-en-la-fio-el-porcentaje-es-muy-superior-al-promedio-nacional","status":"publish","type":"post","link":"https:\/\/cdnoticias.com\/index.php\/2020\/10\/14\/mujeres-en-la-fio-el-porcentaje-es-muy-superior-al-promedio-nacional\/","title":{"rendered":"Mujeres en la FIO: el porcentaje es muy superior al promedio nacional"},"content":{"rendered":"<p>&nbsp;<\/p>\n<p>Este a\u00f1o la Facultad de Ingenier\u00eda de la UNICEN registr\u00f3 un 35% de matr\u00edcula femenina, tendencia que se mantiene desde hace dos a\u00f1os y que est\u00e1 muy por encima de la media nacional. Los datos respecto a los cargos de gesti\u00f3n, tambi\u00e9n son positivos.<!--more--><\/p>\n<hr \/>\n<p>Hace exactamente un mes, la UNESCO public\u00f3 un informe sobre \u201c<strong>Las mujeres en Ciencias, Tecnolog\u00eda, Ingenier\u00eda y Matem\u00e1ticas (STEM) en Am\u00e9rica Latina y El Caribe\u201d.<\/strong> El trabajo recopila y analiza las principales experiencias e iniciativas implementadas en la regi\u00f3n y, a la vez, presenta una serie de recomendaciones para promover la inclusi\u00f3n de mujeres y ni\u00f1as en estos sectores.<\/p>\n<p>&nbsp;<\/p>\n<p>Evidentemente el inter\u00e9s por generar estad\u00edsticas respecto a la brecha de g\u00e9nero est\u00e1 directamente relacionado con la necesidad de promover acciones que la disminuyan. Esta es la discusi\u00f3n que tambi\u00e9n promovi\u00f3 la jornada \u201cLos n\u00fameros no mienten\u201d, en el marco de la C\u00e1tedra abierta latinoamericana Matilda y las Mujeres, y que cont\u00f3 con la participaci\u00f3n de la <strong>vicedecana de la FIO, la ingeniera Mar\u00eda Peralta, quien forma parte de la iniciativa junto a la ingeniera Silvia Garc\u00eda.<\/strong><\/p>\n<p>&nbsp;<\/p>\n<p>La funcionaria present\u00f3 all\u00ed datos sobre la situaci\u00f3n de la Facultad de Ingenier\u00eda de la UNICEN que este a\u00f1o registr\u00f3 un <strong>35% de matr\u00edcula femenina<\/strong>, tendencia que se mantiene desde hace dos a\u00f1os y que est\u00e1 muy por encima de la media nacional para carreras similares, donde apenas se supera el 20%.<\/p>\n<p>&nbsp;<\/p>\n<p>Al momento de analizar los n\u00fameros de la FIO en contraste con los nacionales (al menos hasta el 2018 que es el \u00faltimo a\u00f1o disponible en los portales p\u00fablicos) se puede ver un <strong>aumento de la matr\u00edcula femenina<\/strong> que, si bien no es lineal, presenta un panorama que tiene correlato en las acciones de la Facultad. De 2009 a 2017, Argentina present\u00f3 picos de aumento de mujeres graduadas en Ingenier\u00eda en 2011 y 2017, del alrededor de un 24% del total. Cuando se analiza ese mismo per\u00edodo en la matr\u00edcula de la Casa de Altos estudios olavarriense, <strong>la curva es ascendente hasta alcanzar el 30%.<\/strong><\/p>\n<p>&nbsp;<\/p>\n<p>Cuando se miran los cargos de gesti\u00f3n, tambi\u00e9n los datos son positivos para el g\u00e9nero femenino. <strong>De las siete personas que integran el equipo de autoridades, cuatro son mujeres. Y la primera decana de la FIO, Susana Nolasco, asumi\u00f3 en 1989<\/strong>, una \u00e9poca donde a\u00fan no se hablaba de brecha, pero abri\u00f3 el camino para todas las mujeres que integraron el decanato y vicedecanato despu\u00e9s de ella.<\/p>\n<p>&nbsp;<\/p>\n<p>Peralta destac\u00f3 las acciones que est\u00e1n al alcance de la propia instituci\u00f3n, y tienen que ver con el acompa\u00f1amiento durante los primeros a\u00f1os de carreras, la existencia del <strong>jard\u00edn maternal universitario<\/strong> para hijos de estudiantes y las becas como herramientas generales para toda la comunidad universitaria. <strong>Tambi\u00e9n existen actividades de revalorizaci\u00f3n del rol de la mujer mediante actos institucionales, talleres y encuentros, as\u00ed como iniciativas particulares para promover la discusi\u00f3n.<\/strong> Afortunadamente, el campo laboral es m\u00e1s receptivo que hace algunos a\u00f1os y, seg\u00fan Peralta, <em>\u201cpronostica mejores escenarios cada a\u00f1o, aunque a\u00fan hay mucho por hacer\u201d.<\/em><\/p>\n<p>&nbsp;<\/p>\n<p>Prensa Facultad de Ingenier\u00eda<\/p>\n","protected":false},"excerpt":{"rendered":"<p>&nbsp; Este a\u00f1o la Facultad de Ingenier\u00eda de la UNICEN registr\u00f3 un 35% de matr\u00edcula femenina, tendencia que se mantiene<\/p>\n","protected":false},"author":5,"featured_media":3943,"comment_status":"closed","ping_status":"closed","sticky":false,"template":"","format":"standard","meta":{"_jetpack_memberships_contains_paid_content":false,"footnotes":""},"categories":[3,1],"tags":[],"class_list":["post-3941","post","type-post","status-publish","format-standard","has-post-thumbnail","hentry","category-genero","category-portada"],"jetpack_featured_media_url":"https:\/\/i0.wp.com\/cdnoticias.com\/wp-content\/uploads\/2020\/10\/facultadingenieria.jpg?fit=500%2C231&ssl=1","jetpack_sharing_enabled":true,"_links":{"self":[{"href":"https:\/\/cdnoticias.com\/index.php\/wp-json\/wp\/v2\/posts\/3941","targetHints":{"allow":["GET"]}}],"collection":[{"href":"https:\/\/cdnoticias.com\/index.php\/wp-json\/wp\/v2\/posts"}],"about":[{"href":"https:\/\/cdnoticias.com\/index.php\/wp-json\/wp\/v2\/types\/post"}],"author":[{"embeddable":true,"href":"https:\/\/cdnoticias.com\/index.php\/wp-json\/wp\/v2\/users\/5"}],"replies":[{"embeddable":true,"href":"https:\/\/cdnoticias.com\/index.php\/wp-json\/wp\/v2\/comments?post=3941"}],"version-history":[{"count":0,"href":"https:\/\/cdnoticias.com\/index.php\/wp-json\/wp\/v2\/posts\/3941\/revisions"}],"wp:featuredmedia":[{"embeddable":true,"href":"https:\/\/cdnoticias.com\/index.php\/wp-json\/wp\/v2\/media\/3943"}],"wp:attachment":[{"href":"https:\/\/cdnoticias.com\/index.php\/wp-json\/wp\/v2\/media?parent=3941"}],"wp:term":[{"taxonomy":"category","embeddable":true,"href":"https:\/\/cdnoticias.com\/index.php\/wp-json\/wp\/v2\/categories?post=3941"},{"taxonomy":"post_tag","embeddable":true,"href":"https:\/\/cdnoticias.com\/index.php\/wp-json\/wp\/v2\/tags?post=3941"}],"curies":[{"name":"wp","href":"https:\/\/api.w.org\/{rel}","templated":true}]}}