{"id":39408,"date":"2021-11-21T20:13:57","date_gmt":"2021-11-21T23:13:57","guid":{"rendered":"http:\/\/www.centraldenoticias.com.ar\/?p=39408"},"modified":"2021-11-21T20:13:57","modified_gmt":"2021-11-21T23:13:57","slug":"vecinos-de-colonia-nievas-volvieron-a-movilizarse-en-contra-de-la-antena","status":"publish","type":"post","link":"https:\/\/cdnoticias.com\/index.php\/2021\/11\/21\/vecinos-de-colonia-nievas-volvieron-a-movilizarse-en-contra-de-la-antena\/","title":{"rendered":"Vecinos de Colonia Nievas volvieron a movilizarse en contra de la antena"},"content":{"rendered":"<p>Realizaron una manifestaci\u00f3n por las calles de la localidad serrana, exigiendo la reubicaci\u00f3n de la antena.<!--more--><\/p>\n<hr \/>\n<p>En la jornada de este domingo <strong>vecinos de Colonia Nievas volvieron a manifestar el rechazo hacia la antena de telefon\u00eda que fue levantada en la localidad serrana<\/strong>.<\/p>\n<p>&nbsp;<\/p>\n<p>Lo particular de la protesta es que se plasm\u00f3 en <strong>un &#8220;bocinazo&#8221; frente al predio donde fue instalada la antena, en momentos en los que se llevaba a cabo un remate.<\/strong><\/p>\n<p>&nbsp;<\/p>\n<p><img data-recalc-dims=\"1\" loading=\"lazy\" decoding=\"async\" class=\"alignnone size-large wp-image-39406\" src=\"https:\/\/i0.wp.com\/cdnoticias.com\/wp-content\/uploads\/2021\/11\/IMG-20211121-WA0014.jpg?resize=800%2C600&#038;ssl=1\" alt=\"\" width=\"800\" height=\"600\" srcset=\"https:\/\/i0.wp.com\/cdnoticias.com\/wp-content\/uploads\/2021\/11\/IMG-20211121-WA0014.jpg?resize=1024%2C768&amp;ssl=1 1024w, https:\/\/i0.wp.com\/cdnoticias.com\/wp-content\/uploads\/2021\/11\/IMG-20211121-WA0014.jpg?resize=300%2C225&amp;ssl=1 300w, https:\/\/i0.wp.com\/cdnoticias.com\/wp-content\/uploads\/2021\/11\/IMG-20211121-WA0014.jpg?resize=768%2C576&amp;ssl=1 768w, https:\/\/i0.wp.com\/cdnoticias.com\/wp-content\/uploads\/2021\/11\/IMG-20211121-WA0014.jpg?w=1280&amp;ssl=1 1280w\" sizes=\"auto, (max-width: 800px) 100vw, 800px\" \/><\/p>\n<p>&nbsp;<\/p>\n<p><strong>La situaci\u00f3n gener\u00f3 un momento de confrontaci\u00f3n ante la queja de las personas que llevaban adelante el remate,<\/strong> pero todo transit\u00f3 de manera pac\u00edfica y no se prolong\u00f3 m\u00e1s all\u00e1 de unos pocos minutos.<\/p>\n<p>&nbsp;<\/p>\n<p>Los vecinos enfatizaron que lo <strong>\u00fanico que hicieron fue ejercer su derecho de protesta<\/strong>, todo mientras aguardan por conocer cu\u00e1l es la suerte que corren las gestiones pol\u00edticas para poder reubicar la antena.<\/p>\n","protected":false},"excerpt":{"rendered":"<p>Realizaron una manifestaci\u00f3n por las calles de la localidad serrana, exigiendo la reubicaci\u00f3n de la antena.<\/p>\n","protected":false},"author":3,"featured_media":39404,"comment_status":"closed","ping_status":"closed","sticky":false,"template":"","format":"standard","meta":{"_jetpack_memberships_contains_paid_content":false,"footnotes":""},"categories":[5,1],"tags":[],"class_list":["post-39408","post","type-post","status-publish","format-standard","has-post-thumbnail","hentry","category-informacion-general","category-portada"],"jetpack_featured_media_url":"https:\/\/i0.wp.com\/cdnoticias.com\/wp-content\/uploads\/2021\/11\/IMG-20211121-WA0017.jpg?fit=1040%2C780&ssl=1","jetpack_sharing_enabled":true,"_links":{"self":[{"href":"https:\/\/cdnoticias.com\/index.php\/wp-json\/wp\/v2\/posts\/39408","targetHints":{"allow":["GET"]}}],"collection":[{"href":"https:\/\/cdnoticias.com\/index.php\/wp-json\/wp\/v2\/posts"}],"about":[{"href":"https:\/\/cdnoticias.com\/index.php\/wp-json\/wp\/v2\/types\/post"}],"author":[{"embeddable":true,"href":"https:\/\/cdnoticias.com\/index.php\/wp-json\/wp\/v2\/users\/3"}],"replies":[{"embeddable":true,"href":"https:\/\/cdnoticias.com\/index.php\/wp-json\/wp\/v2\/comments?post=39408"}],"version-history":[{"count":0,"href":"https:\/\/cdnoticias.com\/index.php\/wp-json\/wp\/v2\/posts\/39408\/revisions"}],"wp:featuredmedia":[{"embeddable":true,"href":"https:\/\/cdnoticias.com\/index.php\/wp-json\/wp\/v2\/media\/39404"}],"wp:attachment":[{"href":"https:\/\/cdnoticias.com\/index.php\/wp-json\/wp\/v2\/media?parent=39408"}],"wp:term":[{"taxonomy":"category","embeddable":true,"href":"https:\/\/cdnoticias.com\/index.php\/wp-json\/wp\/v2\/categories?post=39408"},{"taxonomy":"post_tag","embeddable":true,"href":"https:\/\/cdnoticias.com\/index.php\/wp-json\/wp\/v2\/tags?post=39408"}],"curies":[{"name":"wp","href":"https:\/\/api.w.org\/{rel}","templated":true}]}}