{"id":39402,"date":"2023-07-29T23:27:25","date_gmt":"2023-07-30T02:27:25","guid":{"rendered":"http:\/\/centraldeportes.com.ar\/?p=39402"},"modified":"2025-02-11T20:45:24","modified_gmt":"2025-02-11T23:45:24","slug":"todo-listo-para-las-finales-del-torneo-union-deportiva-regional-2023","status":"publish","type":"post","link":"https:\/\/cdnoticias.com\/index.php\/2023\/07\/29\/todo-listo-para-las-finales-del-torneo-union-deportiva-regional-2023\/","title":{"rendered":"Todo listo para las finales del Torneo Uni\u00f3n Deportiva Regional 2023"},"content":{"rendered":"<p>En las instalaciones de la Liga de F\u00fatbol de Olavarr\u00eda se llev\u00f3 a cabo la presentaci\u00f3n oficial de las definiciones que protagonizar\u00e1n Municipales y Embajadores. Este domingo, ir\u00e1n los primeros noventa minutos en el Domingo Colasurdo.<!--more--><\/p>\n<hr \/>\n<p>A horas del primer choque entre dos de los equipos m\u00e1s j\u00f3venes de la ciudad, en la tarde noche de <strong>este s\u00e1bado<\/strong>, en conferencia de prensa, <strong>se llev\u00f3 adelante la presentaci\u00f3n oficial de los partidos definitorios en la sede de la LFO<\/strong>.<\/p>\n<p>&nbsp;<\/p>\n<p>Encabezaron la reuni\u00f3n <strong>Pablo Palahy<\/strong>, presidente de la Liga de F\u00fatbol de Olavarr\u00eda; <strong>Mario Patern\u00f3<\/strong>, vicepresidente de la LFO; <strong>Marcos Lacal<\/strong>, presidente de la Liga de Laprida; <strong>Alejandro Ponce<\/strong>, presidente de la Liga de Azul; el intendente <strong>Ezequiel Galli<\/strong> y el Subsecretario de Deportes y Recreaci\u00f3n <strong>Juan Agust\u00edn Galli<\/strong>.<\/p>\n<p>&nbsp;<\/p>\n<p>Por el lado de los clubes participaron <strong>Fernando Di Carlo<\/strong>, presidente de Embajadores junto a <strong>Luciano Bilbao<\/strong> (DT) y <strong>Juan Manuel \u00c1lvarez<\/strong> (capit\u00e1n). De Municipales estuvieron el presidente <strong>Marcelo D\u00edaz<\/strong>, <strong>Francisco Russo<\/strong> (DT)\u00a0 y <strong>Franco Janson<\/strong> (capit\u00e1n). Tambi\u00e9n acompa\u00f1o el \u00e1rbitro principal del primer encuentro, <strong>Nicol\u00e1s Rodr\u00edguez<\/strong>.<\/p>\n<p>&nbsp;<\/p>\n<p>Palahy fue el encargado de abrir la conferencia y dej\u00f3 en claro que: \u201c<strong><em>Va a ser una final \u00fanica porque participaron 43 equipos, algo que no se hab\u00eda dado en ning\u00fan torneo de f\u00fatbol<\/em><\/strong>\u201d.<\/p>\n<p>&nbsp;<\/p>\n<p>Luego de las palabras del intendente Municipal y lo dirigentes liguistas, tom\u00f3 la iniciativa Francisco \u201cFatiga\u201d Russo: \u201c<strong><em>Feliz de haber llegado a una nueva final. Este certamen ha sido muy importante para todas las ligas para mostrar a sus jugadores a un f\u00fatbol superior<\/em><\/strong>\u201d, manifest\u00f3.<\/p>\n<p>&nbsp;<\/p>\n<div class=\"tiled-gallery type-rectangular tiled-gallery-unresized\" data-original-width=\"800\" data-carousel-extra='null' itemscope itemtype=\"http:\/\/schema.org\/ImageGallery\" > <div class=\"gallery-row\" style=\"width: 800px; height: 601px;\" data-original-width=\"800\" data-original-height=\"601\" > <div class=\"gallery-group images-1\" style=\"width: 800px; height: 601px;\" data-original-width=\"800\" data-original-height=\"601\" > <div class=\"tiled-gallery-item tiled-gallery-item-large\" itemprop=\"associatedMedia\" itemscope itemtype=\"http:\/\/schema.org\/ImageObject\"> <a href=\"https:\/\/i0.wp.com\/cdnoticias.com\/wp-content\/uploads\/2021\/11\/IMG-20211121-WA0017.jpg?ssl=1\" border=\"0\" itemprop=\"url\"> <meta itemprop=\"width\" content=\"796\"> <meta itemprop=\"height\" content=\"597\"> <img decoding=\"async\" class=\"\" data-attachment-id=\"39404\" data-orig-file=\"https:\/\/cdnoticias.com\/wp-content\/uploads\/2021\/11\/IMG-20211121-WA0017.jpg\" data-orig-size=\"1040,780\" data-comments-opened=\"\" data-image-meta=\"{&quot;aperture&quot;:&quot;0&quot;,&quot;credit&quot;:&quot;&quot;,&quot;camera&quot;:&quot;&quot;,&quot;caption&quot;:&quot;&quot;,&quot;created_timestamp&quot;:&quot;0&quot;,&quot;copyright&quot;:&quot;&quot;,&quot;focal_length&quot;:&quot;0&quot;,&quot;iso&quot;:&quot;0&quot;,&quot;shutter_speed&quot;:&quot;0&quot;,&quot;title&quot;:&quot;&quot;,&quot;orientation&quot;:&quot;0&quot;}\" data-image-title=\"IMG-20211121-WA0017\" data-image-description=\"\" data-medium-file=\"https:\/\/i0.wp.com\/cdnoticias.com\/wp-content\/uploads\/2021\/11\/IMG-20211121-WA0017.jpg?fit=300%2C225&#038;ssl=1\" data-large-file=\"https:\/\/i0.wp.com\/cdnoticias.com\/wp-content\/uploads\/2021\/11\/IMG-20211121-WA0017.jpg?fit=800%2C600&#038;ssl=1\" src=\"https:\/\/i0.wp.com\/cdnoticias.com\/wp-content\/uploads\/2021\/11\/IMG-20211121-WA0017.jpg?w=796&#038;h=597&#038;ssl=1\" srcset=\"https:\/\/i0.wp.com\/cdnoticias.com\/wp-content\/uploads\/2021\/11\/IMG-20211121-WA0017.jpg?w=1040&amp;ssl=1 1040w, https:\/\/i0.wp.com\/cdnoticias.com\/wp-content\/uploads\/2021\/11\/IMG-20211121-WA0017.jpg?resize=300%2C225&amp;ssl=1 300w, https:\/\/i0.wp.com\/cdnoticias.com\/wp-content\/uploads\/2021\/11\/IMG-20211121-WA0017.jpg?resize=768%2C576&amp;ssl=1 768w, https:\/\/i0.wp.com\/cdnoticias.com\/wp-content\/uploads\/2021\/11\/IMG-20211121-WA0017.jpg?resize=1024%2C768&amp;ssl=1 1024w\" width=\"796\" height=\"597\" loading=\"lazy\" data-original-width=\"796\" data-original-height=\"597\" itemprop=\"http:\/\/schema.org\/image\" title=\"IMG-20211121-WA0017\" alt=\"IMG-20211121-WA0017\" style=\"width: 796px; height: 597px;\" \/> <\/a> <\/div> <\/div> <!-- close group --> <\/div> <!-- close row --> <\/div>\n<p>&nbsp;<\/p>\n<p>\u201c<strong><em>Va a ser un placer compartir una final con \u201cFatiga\u201d, lo tengo como un referente<\/em><\/strong>\u201d, dijo a continuaci\u00f3n Luciano Bilbao y luego prosigui\u00f3 en la misma l\u00ednea: \u201c<strong><em>Tiene que ser una fiesta, son dos partidos de f\u00fatbol y no deja de ser eso m\u00e1s all\u00e1 de que los dos equipos quieran ganar<\/em><\/strong>\u201d.<\/p>\n<p>&nbsp;<\/p>\n<p>Tambi\u00e9n dejaron sus frases los presidentes de ambos clubes: \u201c<strong><em>Contento de haber llegado nuevamente a una final, de 43 equipos estamos entre los dos mejores, eso es un logro importante<\/em><\/strong>\u201d, se\u00f1al\u00f3 el \u201cTero\u201d Di Carlo. Luego, Marcelo D\u00edaz afirm\u00f3: &#8220;<strong><em>Estamos sorprendidos, pero contentos de estar donde estamos. Es fruto de que hicimos las cosas bien<\/em><\/strong>\u201d.<\/p>\n<p>&nbsp;<\/p>\n<p>Por \u00faltimo, los protagonistas tambi\u00e9n palpitaron la instancia decisiva: \u201c<strong><em>Estamos tranquilos, tratamos de cumplir con la idea de \u201cFatiga\u201d que a veces puede salir y otras no, pero tenemos las ideas claras y eso a la larga o a la corta da buenos resultados<\/em><\/strong>\u201d, sostuvo Franco Janson.<\/p>\n<p>&nbsp;<\/p>\n<p>\u201c<strong><em>Lo tomamos con total tranquilidad y ansiedad que un partido as\u00ed genera. Estamos acostumbrados los \u00faltimos a\u00f1os a jugar cosas importantes. Creo que primero nos vamos a estudiar y luego poder desplegar nuestro juego<\/em><\/strong>\u201d, opin\u00f3 y analiz\u00f3 el capit\u00e1n del CEO, Juan Manuel \u00c1lvarez.<\/p>\n<p>&nbsp;<\/p>\n<p><strong>La ida se jugar\u00e1 este domingo 30 de julio en el estadio Domingo Colasurdo a las 15:00 horas<\/strong> y todo se definir\u00e1 siete d\u00edas despu\u00e9s en el sint\u00e9tico del \u201cTete\u201d Di Carlo. Seg\u00fan comunicaron desde la organizaci\u00f3n, <strong>la parcialidad del CEO ingresar\u00e1 al estadio por calle Balcarce, mientras que los locales lo har\u00e1n por Av. Pringles<\/strong>.<\/p>\n","protected":false},"excerpt":{"rendered":"<p>En las instalaciones de la Liga de F\u00fatbol de Olavarr\u00eda se llev\u00f3 a cabo la presentaci\u00f3n oficial de las definiciones<\/p>\n","protected":false},"author":96739694,"featured_media":156624,"comment_status":"closed","ping_status":"closed","sticky":false,"template":"","format":"standard","meta":{"_jetpack_memberships_contains_paid_content":false,"footnotes":""},"categories":[35,1,41],"tags":[],"class_list":["post-39402","post","type-post","status-publish","format-standard","has-post-thumbnail","hentry","category-futbol","category-portada","category-primera-y-reserva"],"jetpack_featured_media_url":"https:\/\/i0.wp.com\/cdnoticias.com\/wp-content\/uploads\/2023\/07\/Presentaci%C3%B3n-Finales-UDR-2023.jpeg?fit=1500%2C1000&ssl=1","jetpack_sharing_enabled":true,"_links":{"self":[{"href":"https:\/\/cdnoticias.com\/index.php\/wp-json\/wp\/v2\/posts\/39402","targetHints":{"allow":["GET"]}}],"collection":[{"href":"https:\/\/cdnoticias.com\/index.php\/wp-json\/wp\/v2\/posts"}],"about":[{"href":"https:\/\/cdnoticias.com\/index.php\/wp-json\/wp\/v2\/types\/post"}],"author":[{"embeddable":true,"href":"https:\/\/cdnoticias.com\/index.php\/wp-json\/wp\/v2\/users\/96739694"}],"replies":[{"embeddable":true,"href":"https:\/\/cdnoticias.com\/index.php\/wp-json\/wp\/v2\/comments?post=39402"}],"version-history":[{"count":0,"href":"https:\/\/cdnoticias.com\/index.php\/wp-json\/wp\/v2\/posts\/39402\/revisions"}],"wp:featuredmedia":[{"embeddable":true,"href":"https:\/\/cdnoticias.com\/index.php\/wp-json\/wp\/v2\/media\/156624"}],"wp:attachment":[{"href":"https:\/\/cdnoticias.com\/index.php\/wp-json\/wp\/v2\/media?parent=39402"}],"wp:term":[{"taxonomy":"category","embeddable":true,"href":"https:\/\/cdnoticias.com\/index.php\/wp-json\/wp\/v2\/categories?post=39402"},{"taxonomy":"post_tag","embeddable":true,"href":"https:\/\/cdnoticias.com\/index.php\/wp-json\/wp\/v2\/tags?post=39402"}],"curies":[{"name":"wp","href":"https:\/\/api.w.org\/{rel}","templated":true}]}}