{"id":3940,"date":"2020-10-14T18:20:11","date_gmt":"2020-10-14T21:20:11","guid":{"rendered":"http:\/\/www.centraldenoticias.com.ar\/?p=3940"},"modified":"2020-10-14T19:58:31","modified_gmt":"2020-10-14T22:58:31","slug":"coronavirus-como-sigue-la-situacion-el-centro-bonaerense","status":"publish","type":"post","link":"https:\/\/cdnoticias.com\/index.php\/2020\/10\/14\/coronavirus-como-sigue-la-situacion-el-centro-bonaerense\/","title":{"rendered":"Coronavirus: C\u00f3mo sigue la situaci\u00f3n el centro bonaerense"},"content":{"rendered":"<p>A la par del crecimiento de casos que experimenta Olavarr\u00eda, municipios vecinos han registrado numerosos casos e inclusive varias muertes.<strong> Viaje virtual para conocer cu\u00e1l es el estado de situaci\u00f3n.<\/strong><\/p>\n<p><!--more--><\/p>\n<hr \/>\n<p>El \u00faltimo martes por la tarde Olavarr\u00eda registr\u00f3, lamentablemente, una<a href=\"https:\/\/cdnoticias.com\/index.php\/2020\/10\/13\/covid-19-93-casos-positivos-y-otra-cifra-record\/\"> jornada r\u00e9cord en cuanto al n\u00famero de nuevos positivos<\/a>. A la par, tambi\u00e9n <a href=\"https:\/\/cdnoticias.com\/index.php\/2020\/10\/13\/fallecieron-dos-personas-con-covid19-y-ya-son-50-las-muertes\/\">fallecieron dos personas y ya son 50 los fallecimientos en el partido<\/a>. No obstante, la situaci\u00f3n lejos est\u00e1 de ser una excepci\u00f3n a lo que se registra en otros distritos.<\/p>\n<p>&nbsp;<\/p>\n<p><img data-recalc-dims=\"1\" loading=\"lazy\" decoding=\"async\" class=\"alignnone size-large wp-image-3880\" src=\"https:\/\/i0.wp.com\/cdnoticias.com\/wp-content\/uploads\/2020\/10\/parte-8.jpg?resize=800%2C405&#038;ssl=1\" alt=\"\" width=\"800\" height=\"405\" srcset=\"https:\/\/i0.wp.com\/cdnoticias.com\/wp-content\/uploads\/2020\/10\/parte-8.jpg?resize=1024%2C518&amp;ssl=1 1024w, https:\/\/i0.wp.com\/cdnoticias.com\/wp-content\/uploads\/2020\/10\/parte-8.jpg?resize=300%2C152&amp;ssl=1 300w, https:\/\/i0.wp.com\/cdnoticias.com\/wp-content\/uploads\/2020\/10\/parte-8.jpg?resize=768%2C388&amp;ssl=1 768w, https:\/\/i0.wp.com\/cdnoticias.com\/wp-content\/uploads\/2020\/10\/parte-8.jpg?w=1165&amp;ssl=1 1165w\" sizes=\"auto, (max-width: 800px) 100vw, 800px\" \/><\/p>\n<p>&nbsp;<\/p>\n<p>Como ya se ha referido, el seguimiento de los casos en municipios vecinos no sirve \u00fanicamente para <strong>ampliar el an\u00e1lisis o dimensionar el estado de situaci\u00f3n de actual, sino adem\u00e1s tomar conciencia acerca de que la continuidad de esta tendencia podr\u00eda generar un colapso en materia sanitaria, ya que el Hospital Municipal suele recibir pacientes de otras ciudades de la regi\u00f3n.<\/strong><\/p>\n<p>&nbsp;<\/p>\n<p>Para hacerlo de manera, si se quiere interactiva, los invitamos a una suerte de recorrido o viaje virtual. Nos ponemos en marcha, retomamos la Ruta 51, luego la 86 y as\u00ed llegamos a <strong>Laprida<\/strong>, uno de los distritos que precisamente ha derivado pacientes a nuestra ciudad. El municipio vecino en las \u00faltimas horas registr\u00f3<strong> 18 nuevos casos, por lo que subieron a 44 los pacientes activos<\/strong>. A la par, se aguarda por el resultado de 21 hisopados. Vale recordar que en <strong>el distrito vecino cuenta con tres fallecimientos, uno de los cuales se produjo, precisamente, en el Hospital Municipal Doctor H\u00e9ctor Cura.<\/strong><\/p>\n<p>&nbsp;<\/p>\n<p><img data-recalc-dims=\"1\" loading=\"lazy\" decoding=\"async\" class=\"alignnone size-full wp-image-2686\" src=\"https:\/\/i0.wp.com\/cdnoticias.com\/wp-content\/uploads\/2020\/09\/hospitalsancholuzdelaprida1-7.jpg?resize=800%2C457&#038;ssl=1\" alt=\"\" width=\"800\" height=\"457\" srcset=\"https:\/\/i0.wp.com\/cdnoticias.com\/wp-content\/uploads\/2020\/09\/hospitalsancholuzdelaprida1-7.jpg?w=920&amp;ssl=1 920w, https:\/\/i0.wp.com\/cdnoticias.com\/wp-content\/uploads\/2020\/09\/hospitalsancholuzdelaprida1-7.jpg?resize=300%2C171&amp;ssl=1 300w, https:\/\/i0.wp.com\/cdnoticias.com\/wp-content\/uploads\/2020\/09\/hospitalsancholuzdelaprida1-7.jpg?resize=768%2C438&amp;ssl=1 768w\" sizes=\"auto, (max-width: 800px) 100vw, 800px\" \/><\/p>\n<p>&nbsp;<\/p>\n<p>Siguiendo por esa zona bonaerense, el distrito m\u00e1s cercano es <strong>La Madrid<\/strong>, hermanados por la Ruta 86, separados \u00fanicamente por una rotonda en el tramo medio. Sin embargo, pese a la cercan\u00eda, es bastante distinta la situaci\u00f3n que actualmente afronta General La Madrid, al punto de ser <a href=\"https:\/\/cdnoticias.com\/index.php\/2020\/10\/13\/como-sera-el-regreso-a-las-clases-presenciales-en-la-provincia\/\">uno de los distritos incluidos en el programa de vuelta a las clases presenciales<\/a>. En ese sentido, <strong>en las \u00faltimas 24 horas no registr\u00f3 nuevos casos y actualmente cuenta s\u00f3lo con dos casos activos, 11 positivos desde el inicio de la pandemia.<\/strong><\/p>\n<p>&nbsp;<\/p>\n<p>Sigamos entonces en ese mismo sentido por la Ruta 86 y en unos pocos kil\u00f3metros llegaremos a <strong>Daireaux<\/strong>, donde ah\u00ed s\u00ed el estado de situaci\u00f3n es similar. A tal punto que tambi\u00e9n est\u00e1 entre los distritos pr\u00f3ximos a volver a las clases presenciales. Actualmente<strong> cuenta con un solo caso y 13 positivos desde marzo<\/strong>. Tal es as\u00ed que inclusive se habilitaron ingresos de no residentes para el pr\u00f3ximo fin de semana con motivo del d\u00eda de la madre, adem\u00e1s de horarios m\u00e1s extensos en cuanto a la actividad comercial y gastron\u00f3mica.<\/p>\n<p>&nbsp;<\/p>\n<p><img data-recalc-dims=\"1\" loading=\"lazy\" decoding=\"async\" class=\"alignnone size-large wp-image-3945\" src=\"https:\/\/i0.wp.com\/cdnoticias.com\/wp-content\/uploads\/2020\/10\/20200413101554-fortalecimiento-social-y-prodiaba-atend.jpg?resize=800%2C533&#038;ssl=1\" alt=\"\" width=\"800\" height=\"533\" srcset=\"https:\/\/i0.wp.com\/cdnoticias.com\/wp-content\/uploads\/2020\/10\/20200413101554-fortalecimiento-social-y-prodiaba-atend.jpg?resize=1024%2C682&amp;ssl=1 1024w, https:\/\/i0.wp.com\/cdnoticias.com\/wp-content\/uploads\/2020\/10\/20200413101554-fortalecimiento-social-y-prodiaba-atend.jpg?resize=300%2C200&amp;ssl=1 300w, https:\/\/i0.wp.com\/cdnoticias.com\/wp-content\/uploads\/2020\/10\/20200413101554-fortalecimiento-social-y-prodiaba-atend.jpg?resize=768%2C511&amp;ssl=1 768w, https:\/\/i0.wp.com\/cdnoticias.com\/wp-content\/uploads\/2020\/10\/20200413101554-fortalecimiento-social-y-prodiaba-atend.jpg?resize=272%2C182&amp;ssl=1 272w, https:\/\/i0.wp.com\/cdnoticias.com\/wp-content\/uploads\/2020\/10\/20200413101554-fortalecimiento-social-y-prodiaba-atend.jpg?w=1200&amp;ssl=1 1200w\" sizes=\"auto, (max-width: 800px) 100vw, 800px\" \/><\/p>\n<p>&nbsp;<\/p>\n<p>Desde all\u00ed saldremos de nuevo a la ruta pero ya a un trayecto algo m\u00e1s largo, girando hacia la derecha para llegar a<strong> Bol\u00edvar<\/strong>, otros de los municipios de la zona que actualmente atraviesa una situaci\u00f3n bastante favorable. Por el momento cuenta con<strong> 33 pacientes activo y ha registrado 80 en lo que va del confinamiento. A la par, aguarda por el resultado de 36 hisopados.<\/strong><\/p>\n<p>&nbsp;<\/p>\n<p>Ahora s\u00ed ya un viaje m\u00e1s extenso, por la 205 y luego un retome hacia la 51 para llegar a <strong>General Alvear, que en las \u00faltimas horas registr\u00f3 13 nuevos casos, lo que hizo trepar a 71 la cifra de pacientes activos. Ese municipio, a la par, cuenta con 5 fallecimientos<\/strong>.<\/p>\n<p>&nbsp;<\/p>\n<p><img data-recalc-dims=\"1\" loading=\"lazy\" decoding=\"async\" class=\"alignnone size-large wp-image-845\" src=\"https:\/\/i0.wp.com\/cdnoticias.com\/wp-content\/uploads\/2020\/09\/HospitalPintosAzul.jpg?resize=800%2C534&#038;ssl=1\" alt=\"\" width=\"800\" height=\"534\" srcset=\"https:\/\/i0.wp.com\/cdnoticias.com\/wp-content\/uploads\/2020\/09\/HospitalPintosAzul.jpg?resize=1024%2C683&amp;ssl=1 1024w, https:\/\/i0.wp.com\/cdnoticias.com\/wp-content\/uploads\/2020\/09\/HospitalPintosAzul.jpg?resize=300%2C200&amp;ssl=1 300w, https:\/\/i0.wp.com\/cdnoticias.com\/wp-content\/uploads\/2020\/09\/HospitalPintosAzul.jpg?resize=768%2C512&amp;ssl=1 768w, https:\/\/i0.wp.com\/cdnoticias.com\/wp-content\/uploads\/2020\/09\/HospitalPintosAzul.jpg?resize=272%2C182&amp;ssl=1 272w, https:\/\/i0.wp.com\/cdnoticias.com\/wp-content\/uploads\/2020\/09\/HospitalPintosAzul.jpg?w=1731&amp;ssl=1 1731w, https:\/\/i0.wp.com\/cdnoticias.com\/wp-content\/uploads\/2020\/09\/HospitalPintosAzul.jpg?w=1600&amp;ssl=1 1600w\" sizes=\"auto, (max-width: 800px) 100vw, 800px\" \/><\/p>\n<p>&nbsp;<\/p>\n<p>Sigamos por la tambi\u00e9n nuestra Ruta 51 para llegar a <strong>Tapalqu\u00e9, que en el \u00faltimo informe comunic\u00f3 2 nuevos positivos, adem\u00e1s de 33 casos en estudio. En total cuenta con 49 activos y 11 fallecidos<\/strong>. Cerca de all\u00ed, bajando por la mencionada Ruta 51 llegamos a <strong>Azul<\/strong>, sin dudas uno de los distritos m\u00e1s complicados por la pandemia. En las \u00faltimas horas registr\u00f3 14 nuevos casos, divididos a la mitad entre la ciudad cabecera y Chillar. <strong>El total de activos es de 268 pero la noticia, lamentablemente, fue el registro de otra muerte. Se trat\u00f3 de un hombre de 89 a\u00f1os y ya son 30 los fallecimientos en el distrito vecino.<\/strong><\/p>\n<p>&nbsp;<\/p>\n<p>Retomamos un tramo de la Ruta 51 pero no para volver a casa, sino que luego retomaremos la Ruta Nacional 226 pero con direcci\u00f3n al cruce con la 3, ya que nuestro viaje sigue. Subidas y bajadas de por medio llegamos a<strong> Tandil,<\/strong> que tambi\u00e9n afronta una situaci\u00f3n compleja. El sem\u00e1foro sigue en amarillo, tal cual se ratific\u00f3 esta modalidad paralela a las fases que se utilizan en el resto del territorio bonaerense.<strong> La ciudad serrana, tras la realizaci\u00f3n de 133 muestras, registr\u00f3 92 nuevos casos. En cifras totales, cuenta con 751 pacientes activos y fallecidos.<\/strong><\/p>\n<p>&nbsp;<\/p>\n<p>Cambiamos de ruta, pasamos a la 74, para ir a <strong>Benito Ju\u00e1rez. Ese municipio registra por estas horas 46 pacientes activos, adem\u00e1s de 31 en estudio. De marzo a la fecha ha tenido en total 139 casos positivos.<\/strong><\/p>\n<p>&nbsp;<\/p>\n<p>Se viene ahora la parte final pero tambi\u00e9n la m\u00e1s larga de nuestro trayecto. Los caminos a elegir van a depender del gusto o paciencia de nuestro conductor, o m\u00e1s bien lo que aconseje el GPS. All\u00ed escribimos <strong>Coronel Pringles<\/strong> y veamos que depara, si por el lado de Laprida o de Tres Arroyos. Lo concreto es que tiene que ser parte de nuestro itinerario y an\u00e1lisis ya que es uno de los sitios que presenta una de las situaciones m\u00e1s preocupantes, al punto que<strong> el secretario de Salud realiz\u00f3 un llamado a la comunidad en el que detall\u00f3 que est\u00e1n al borde del colapso.<\/strong><\/p>\n<p>&nbsp;<\/p>\n<p><img data-recalc-dims=\"1\" loading=\"lazy\" decoding=\"async\" class=\"alignnone size-full wp-image-3942\" src=\"https:\/\/i0.wp.com\/cdnoticias.com\/wp-content\/uploads\/2020\/10\/20201013022638db5530ac8f68f0e96362a6814b244340.jpg?resize=799%2C449&#038;ssl=1\" alt=\"\" width=\"799\" height=\"449\" srcset=\"https:\/\/i0.wp.com\/cdnoticias.com\/wp-content\/uploads\/2020\/10\/20201013022638db5530ac8f68f0e96362a6814b244340.jpg?w=799&amp;ssl=1 799w, https:\/\/i0.wp.com\/cdnoticias.com\/wp-content\/uploads\/2020\/10\/20201013022638db5530ac8f68f0e96362a6814b244340.jpg?resize=300%2C169&amp;ssl=1 300w, https:\/\/i0.wp.com\/cdnoticias.com\/wp-content\/uploads\/2020\/10\/20201013022638db5530ac8f68f0e96362a6814b244340.jpg?resize=768%2C432&amp;ssl=1 768w\" sizes=\"auto, (max-width: 799px) 100vw, 799px\" \/><\/p>\n<p>&nbsp;<\/p>\n<p>En la \u00faltima jornada registraron 13 nuevos casos y son 93 los pacientes activos, adem\u00e1s de 5 fallecidos. <strong>Lo preocupante es que las 5 camas de Unidad de Terapia Intensiva-COVID est\u00e1n ocupadas y que 3 de esos pacientes est\u00e1n utilizando respirador (sobre un total de 7 equipos). \u00a0En cuanto a las camas de internaci\u00f3n general para infectados de coronavirus -que son 26-, el nivel de ocupaci\u00f3n es del orden del 70 %.<\/strong><\/p>\n<p>&nbsp;<\/p>\n<p>Hecha esa menci\u00f3n saldremos nuevo a ruta, a la 85, y casi en un trayecto recto llegamos a nuestro \u00faltimo destino, <strong>Coronel Su\u00e1rez. Ese municipio, seg\u00fan el \u00faltimo informe, registra 221 casos positivos, de los cuales 210 son de la ciudad cabecera, mientras que los restantes se dan en Huanguel\u00e9n. A la fecha en ese partido se han registrado 3 fallecimientos.<\/strong><\/p>\n<p>&nbsp;<\/p>\n<p>Ahora s\u00ed, ya nada queda en nuestra hoja de ruta, por lo que nos queda cargar el termo y retomar la Ruta 76, que luego ser\u00e1 51 y avenida Avellaneda o autopista Luciano Fortabat para llegar a casa. Esperemos que no falte mucho m\u00e1s para que el viaje sea real y los motivos mucho m\u00e1s gratos.<\/p>\n","protected":false},"excerpt":{"rendered":"<p>A la par del crecimiento de casos que experimenta Olavarr\u00eda, municipios vecinos han registrado numerosos casos e inclusive varias muertes.<\/p>\n","protected":false},"author":3,"featured_media":3946,"comment_status":"closed","ping_status":"closed","sticky":false,"template":"","format":"standard","meta":{"_jetpack_memberships_contains_paid_content":false,"footnotes":""},"categories":[5,1],"tags":[],"class_list":["post-3940","post","type-post","status-publish","format-standard","has-post-thumbnail","hentry","category-informacion-general","category-portada"],"jetpack_featured_media_url":"https:\/\/i0.wp.com\/cdnoticias.com\/wp-content\/uploads\/2020\/10\/5eaaadca1efaa_1004x565.jpg?fit=1004%2C565&ssl=1","jetpack_sharing_enabled":true,"_links":{"self":[{"href":"https:\/\/cdnoticias.com\/index.php\/wp-json\/wp\/v2\/posts\/3940","targetHints":{"allow":["GET"]}}],"collection":[{"href":"https:\/\/cdnoticias.com\/index.php\/wp-json\/wp\/v2\/posts"}],"about":[{"href":"https:\/\/cdnoticias.com\/index.php\/wp-json\/wp\/v2\/types\/post"}],"author":[{"embeddable":true,"href":"https:\/\/cdnoticias.com\/index.php\/wp-json\/wp\/v2\/users\/3"}],"replies":[{"embeddable":true,"href":"https:\/\/cdnoticias.com\/index.php\/wp-json\/wp\/v2\/comments?post=3940"}],"version-history":[{"count":0,"href":"https:\/\/cdnoticias.com\/index.php\/wp-json\/wp\/v2\/posts\/3940\/revisions"}],"wp:featuredmedia":[{"embeddable":true,"href":"https:\/\/cdnoticias.com\/index.php\/wp-json\/wp\/v2\/media\/3946"}],"wp:attachment":[{"href":"https:\/\/cdnoticias.com\/index.php\/wp-json\/wp\/v2\/media?parent=3940"}],"wp:term":[{"taxonomy":"category","embeddable":true,"href":"https:\/\/cdnoticias.com\/index.php\/wp-json\/wp\/v2\/categories?post=3940"},{"taxonomy":"post_tag","embeddable":true,"href":"https:\/\/cdnoticias.com\/index.php\/wp-json\/wp\/v2\/tags?post=3940"}],"curies":[{"name":"wp","href":"https:\/\/api.w.org\/{rel}","templated":true}]}}