{"id":39399,"date":"2021-11-21T20:39:06","date_gmt":"2021-11-21T23:39:06","guid":{"rendered":"http:\/\/www.centraldenoticias.com.ar\/?p=39399"},"modified":"2021-11-21T20:39:39","modified_gmt":"2021-11-21T23:39:39","slug":"finde-largo-y-caluroso-este-lunes-se-darian-temperaturas-aun-mas-altas","status":"publish","type":"post","link":"https:\/\/cdnoticias.com\/index.php\/2021\/11\/21\/finde-largo-y-caluroso-este-lunes-se-darian-temperaturas-aun-mas-altas\/","title":{"rendered":"Finde largo y caluroso: Este lunes se dar\u00edan temperaturas a\u00fan m\u00e1s altas"},"content":{"rendered":"<p>Este domingo la temperatura trep\u00f3 por encima de los 34\u00b0 y este lunes podr\u00eda ser a\u00fan m\u00e1s alta.<!--more--><\/p>\n<hr \/>\n<p>Este domingo el calor se hizo sentir y mucho, al punto que super\u00f3 holgadamente las previsiones que daban cuenta de una m\u00e1xima estimada en los 33\u00b0. Durante la tarde se registraron valores por encima de los 34 grados, algo que se hab\u00eda dado recientemente en<a href=\"https:\/\/cdnoticias.com\/index.php\/2021\/10\/27\/al-horno-el-dia-mas-caluroso-de-octubre-de-los-ultimos-20-anos\/\" target=\"_blank\" rel=\"noopener\"> aquella at\u00edpica e hist\u00f3rica jornada de octubre.<\/a><\/p>\n<p>&nbsp;<\/p>\n<p>Seg\u00fan datos registrados desde la Estaci\u00f3n Meteorol\u00f3gica local,<strong> tanto a las 16 como a las 17 el term\u00f3metro marc\u00f3 34.2\u00b0<\/strong>. Otro dato que sirve para dar cuenta de lo calurosa que ha sido toda la jornada que la m\u00ednima fue de 17.6\u00b0 a las 5:10 de la ma\u00f1ana. Para lo que resta de la jornada se espera que la temperatura descienda apenas a los <strong>28\u00b0 durante la noche, configurando un cierre de d\u00eda m\u00e1s que agradable<\/strong>.<\/p>\n<p>&nbsp;<\/p>\n<blockquote><p>La temperatura m\u00e1xima de este domingo fue de 34.6 a las 15:40<\/p><\/blockquote>\n<p>&nbsp;<\/p>\n<p>Con respecto al lunes, en la continuidad de este fin de semana largo con motivo de la conmemoraci\u00f3n del D\u00eda de la Soberan\u00eda Nacional, vale dar cuenta que <strong>se podr\u00edan dar valores a\u00fan m\u00e1s altos, pero no solo en lo que a calor refiere.<\/strong><\/p>\n<p>&nbsp;<\/p>\n<p>El pron\u00f3stico extendido del Servicio Meteorol\u00f3gico Nacional da cuenta que durante la madrugada la temperatura se ubicar\u00eda en 16\u00b0, pero que trepar\u00eda a 25 con el transcurso de la ma\u00f1ana. El dato a tener en cuenta, y para cuidarse, es que<strong> la m\u00e1xima fue estimada en 35\u00b0 durante la tarde.<\/strong><\/p>\n<p>&nbsp;<\/p>\n<p>A la par, tambi\u00e9n durante la tarde se dar\u00eda un incremento en los vientos, con <strong>r\u00e1fagas que podr\u00edan llegar a ser superiores a los 50 km\/h<\/strong>, fen\u00f3meno que se prolongar\u00e1 hasta la noche inclusive.<\/p>\n","protected":false},"excerpt":{"rendered":"<p>Este domingo la temperatura trep\u00f3 por encima de los 34\u00b0 y este lunes podr\u00eda ser a\u00fan m\u00e1s alta.<\/p>\n","protected":false},"author":3,"featured_media":12236,"comment_status":"closed","ping_status":"closed","sticky":false,"template":"","format":"standard","meta":{"_jetpack_memberships_contains_paid_content":false,"footnotes":""},"categories":[5,1],"tags":[],"class_list":["post-39399","post","type-post","status-publish","format-standard","has-post-thumbnail","hentry","category-informacion-general","category-portada"],"jetpack_featured_media_url":"https:\/\/i0.wp.com\/cdnoticias.com\/wp-content\/uploads\/2021\/01\/portada.jpg?fit=800%2C445&ssl=1","jetpack_sharing_enabled":true,"_links":{"self":[{"href":"https:\/\/cdnoticias.com\/index.php\/wp-json\/wp\/v2\/posts\/39399","targetHints":{"allow":["GET"]}}],"collection":[{"href":"https:\/\/cdnoticias.com\/index.php\/wp-json\/wp\/v2\/posts"}],"about":[{"href":"https:\/\/cdnoticias.com\/index.php\/wp-json\/wp\/v2\/types\/post"}],"author":[{"embeddable":true,"href":"https:\/\/cdnoticias.com\/index.php\/wp-json\/wp\/v2\/users\/3"}],"replies":[{"embeddable":true,"href":"https:\/\/cdnoticias.com\/index.php\/wp-json\/wp\/v2\/comments?post=39399"}],"version-history":[{"count":0,"href":"https:\/\/cdnoticias.com\/index.php\/wp-json\/wp\/v2\/posts\/39399\/revisions"}],"wp:featuredmedia":[{"embeddable":true,"href":"https:\/\/cdnoticias.com\/index.php\/wp-json\/wp\/v2\/media\/12236"}],"wp:attachment":[{"href":"https:\/\/cdnoticias.com\/index.php\/wp-json\/wp\/v2\/media?parent=39399"}],"wp:term":[{"taxonomy":"category","embeddable":true,"href":"https:\/\/cdnoticias.com\/index.php\/wp-json\/wp\/v2\/categories?post=39399"},{"taxonomy":"post_tag","embeddable":true,"href":"https:\/\/cdnoticias.com\/index.php\/wp-json\/wp\/v2\/tags?post=39399"}],"curies":[{"name":"wp","href":"https:\/\/api.w.org\/{rel}","templated":true}]}}