{"id":39397,"date":"2021-11-21T17:09:55","date_gmt":"2021-11-21T20:09:55","guid":{"rendered":"http:\/\/www.centraldenoticias.com.ar\/?p=39397"},"modified":"2021-11-21T20:14:44","modified_gmt":"2021-11-21T23:14:44","slug":"derechos-humanos-tomo-intervencion-por-la-muerte-en-la-comisaria-de-san-clemente","status":"publish","type":"post","link":"https:\/\/cdnoticias.com\/index.php\/2021\/11\/21\/derechos-humanos-tomo-intervencion-por-la-muerte-en-la-comisaria-de-san-clemente\/","title":{"rendered":"Derechos Humanos tom\u00f3 intervenci\u00f3n por  la muerte en la comisar\u00eda de San Clemente"},"content":{"rendered":"<p>Nueve polic\u00edas est\u00e1n en la mira y fueron aprehendidos. La v\u00edctima ten\u00eda 35 a\u00f1os.<!--more--><\/p>\n<hr \/>\n<p><strong>La Subsecretar\u00eda de Derechos Humanos provincial tom\u00f3 intervenci\u00f3n en la causa judicial en la que se investiga la muerte de Alejandro Nicol\u00e1s Mart\u00ednez<\/strong>, un hombre que se encontraba detenido en un calabozo de la comisar\u00eda de la localidad costera de San Clemente del Tuy\u00fa. Por el hecho fueron aprehendidos nueve polic\u00edas de la Bonaerense.<\/p>\n<p>&nbsp;<\/p>\n<p>Desde la Subsecretar\u00eda, a cargo de Mat\u00edas Facundo Moreno, informaron que mantuvieron comunicaciones con la familia de Mart\u00ednez y <strong>pusieron a disposici\u00f3n \u201cal Equipo de Acompa\u00f1amiento de la Direcci\u00f3n de Grupos en Situaci\u00f3n de Vulnerabilidad brindando asesoramiento, orientaci\u00f3n y contenci\u00f3n<\/strong> para afrontar su p\u00e9rdida y acompa\u00f1arlos durante el proceso judicial que se lleva adelante\u201d.<\/p>\n<p>&nbsp;<\/p>\n<p>\u201cAl tratarse de una muerte en contexto de encierro que podr\u00eda ser causada por actos u omisiones de agentes del Estado en violaci\u00f3n a la obligaci\u00f3n de respetar el derecho a la vida, <strong>se solicit\u00f3 ante la Fiscal\u00eda el pleno cumplimiento de la normativa referida a la violencia institucional<\/strong>, y se ajuste la actuaci\u00f3n fiscal a los principios que garanticen el est\u00e1ndar m\u00e1ximo en materia de Derechos Humanos\u201d, indicaron desde la dependencia provincial.<\/p>\n<p>&nbsp;<\/p>\n<p><img data-recalc-dims=\"1\" loading=\"lazy\" decoding=\"async\" class=\"alignnone size-large wp-image-8170\" src=\"https:\/\/i0.wp.com\/cdnoticias.com\/wp-content\/uploads\/2020\/12\/WhatsApp-Image-2020-12-04-at-16.27.56-1-e1613602394350-1024x581.jpeg?resize=800%2C454&#038;ssl=1\" alt=\"\" width=\"800\" height=\"454\" srcset=\"https:\/\/i0.wp.com\/cdnoticias.com\/wp-content\/uploads\/2020\/12\/WhatsApp-Image-2020-12-04-at-16.27.56-1-e1613602394350.jpeg?resize=1024%2C581&amp;ssl=1 1024w, https:\/\/i0.wp.com\/cdnoticias.com\/wp-content\/uploads\/2020\/12\/WhatsApp-Image-2020-12-04-at-16.27.56-1-e1613602394350.jpeg?resize=300%2C170&amp;ssl=1 300w, https:\/\/i0.wp.com\/cdnoticias.com\/wp-content\/uploads\/2020\/12\/WhatsApp-Image-2020-12-04-at-16.27.56-1-e1613602394350.jpeg?resize=768%2C436&amp;ssl=1 768w, https:\/\/i0.wp.com\/cdnoticias.com\/wp-content\/uploads\/2020\/12\/WhatsApp-Image-2020-12-04-at-16.27.56-1-e1613602394350.jpeg?w=1137&amp;ssl=1 1137w\" sizes=\"auto, (max-width: 800px) 100vw, 800px\" \/><\/p>\n<p>&nbsp;<\/p>\n<p>Y agregaron: \u201cAsimismo, la Subsecretar\u00eda de Derechos Humanos del Ministerio de Justicia y DDHH bonaerense, a trav\u00e9s de la direcci\u00f3n de Pol\u00edticas contra la Violencia Institucional tom\u00f3 <strong>contacto con la Auditor\u00eda General de Asuntos Internos del Ministerio de Seguridad de la Provincia de Buenos Aires que intervino desde el primer momento de los hechos, disponiendo la desafectaci\u00f3n de servicio de los agentes involucrados\u201d.<\/strong><\/p>\n<p>&nbsp;<\/p>\n<p><strong>La v\u00edctima, de 35 a\u00f1os, hab\u00eda sido detenida por causar destrozos en el hotel Fontainebleau de la ciudad, y de acuerdo a fuentes policiales fue encontrado muerto en el calabozo<\/strong>. Los agentes que quedaron en la mira de la Justicia habr\u00edan participado de todo el procedimiento entre la detenci\u00f3n, el traslado y la entrada a calabozo del hombre, quien ya hab\u00eda sido demorado por contravenciones dos veces en 48 horas.<\/p>\n<p>&nbsp;<\/p>\n<p>Los hechos son investigados por la UFI N\u00b0 11, descentralizada de Mar de Ajo a cargo de Pablo Gast\u00f3n Gamaleri, del Departamento Judicial de Dolores.<\/p>\n<p>&nbsp;<\/p>\n<p>Fuente DIB<\/p>\n","protected":false},"excerpt":{"rendered":"<p>Nueve polic\u00edas est\u00e1n en la mira y fueron aprehendidos. La v\u00edctima ten\u00eda 35 a\u00f1os.<\/p>\n","protected":false},"author":3,"featured_media":14147,"comment_status":"closed","ping_status":"closed","sticky":false,"template":"","format":"standard","meta":{"_jetpack_memberships_contains_paid_content":false,"footnotes":""},"categories":[6],"tags":[],"class_list":["post-39397","post","type-post","status-publish","format-standard","has-post-thumbnail","hentry","category-nacionales"],"jetpack_featured_media_url":"https:\/\/i0.wp.com\/cdnoticias.com\/wp-content\/uploads\/2021\/02\/HomenajeMoreno9.jpg?fit=4608%2C3072&ssl=1","jetpack_sharing_enabled":true,"_links":{"self":[{"href":"https:\/\/cdnoticias.com\/index.php\/wp-json\/wp\/v2\/posts\/39397","targetHints":{"allow":["GET"]}}],"collection":[{"href":"https:\/\/cdnoticias.com\/index.php\/wp-json\/wp\/v2\/posts"}],"about":[{"href":"https:\/\/cdnoticias.com\/index.php\/wp-json\/wp\/v2\/types\/post"}],"author":[{"embeddable":true,"href":"https:\/\/cdnoticias.com\/index.php\/wp-json\/wp\/v2\/users\/3"}],"replies":[{"embeddable":true,"href":"https:\/\/cdnoticias.com\/index.php\/wp-json\/wp\/v2\/comments?post=39397"}],"version-history":[{"count":0,"href":"https:\/\/cdnoticias.com\/index.php\/wp-json\/wp\/v2\/posts\/39397\/revisions"}],"wp:featuredmedia":[{"embeddable":true,"href":"https:\/\/cdnoticias.com\/index.php\/wp-json\/wp\/v2\/media\/14147"}],"wp:attachment":[{"href":"https:\/\/cdnoticias.com\/index.php\/wp-json\/wp\/v2\/media?parent=39397"}],"wp:term":[{"taxonomy":"category","embeddable":true,"href":"https:\/\/cdnoticias.com\/index.php\/wp-json\/wp\/v2\/categories?post=39397"},{"taxonomy":"post_tag","embeddable":true,"href":"https:\/\/cdnoticias.com\/index.php\/wp-json\/wp\/v2\/tags?post=39397"}],"curies":[{"name":"wp","href":"https:\/\/api.w.org\/{rel}","templated":true}]}}