{"id":39392,"date":"2021-11-21T16:53:38","date_gmt":"2021-11-21T19:53:38","guid":{"rendered":"http:\/\/www.centraldenoticias.com.ar\/?p=39392"},"modified":"2021-11-21T19:07:16","modified_gmt":"2021-11-21T22:07:16","slug":"volco-y-arranco-un-poste-de-tendido-electrico","status":"publish","type":"post","link":"https:\/\/cdnoticias.com\/index.php\/2021\/11\/21\/volco-y-arranco-un-poste-de-tendido-electrico\/","title":{"rendered":"Volc\u00f3 y arranc\u00f3 un poste de tendido el\u00e9ctrico"},"content":{"rendered":"<p>Sucedi\u00f3 en el inicio de la tarde de este domingo sobre la avenida Hermanos Emiliozzi, a metros del Matadero Municipal.<!--more--><\/p>\n<hr \/>\n<p>Otro violento siniestro vial se registr\u00f3 en la jornada de este domingo. En esta ocasi\u00f3n sucedi\u00f3 alrededor de las 16 a metros del Matadero Municipal, donde en condiciones que son ahora materia de estudio un autom\u00f3vil <strong>se despist\u00f3, protagoniz\u00f3 un vuelco e impact\u00f3 contra un poste de tendido el\u00e9ctrico, que arranc\u00f3 de ra\u00edz.\u00a0<\/strong><\/p>\n<p>&nbsp;<\/p>\n<p><img data-recalc-dims=\"1\" loading=\"lazy\" decoding=\"async\" class=\"alignnone size-full wp-image-39394\" src=\"https:\/\/i0.wp.com\/cdnoticias.com\/wp-content\/uploads\/2021\/11\/vuelco-matadero01.jpg?resize=800%2C445&#038;ssl=1\" alt=\"\" width=\"800\" height=\"445\" srcset=\"https:\/\/i0.wp.com\/cdnoticias.com\/wp-content\/uploads\/2021\/11\/vuelco-matadero01.jpg?w=800&amp;ssl=1 800w, https:\/\/i0.wp.com\/cdnoticias.com\/wp-content\/uploads\/2021\/11\/vuelco-matadero01.jpg?resize=300%2C167&amp;ssl=1 300w, https:\/\/i0.wp.com\/cdnoticias.com\/wp-content\/uploads\/2021\/11\/vuelco-matadero01.jpg?resize=768%2C427&amp;ssl=1 768w\" sizes=\"auto, (max-width: 800px) 100vw, 800px\" \/><\/p>\n<p>&nbsp;<\/p>\n<p>Todo sucedi\u00f3 a la salida de la rotonda, donde por causas que se desconocen un autom\u00f3vil Honda, que aparentemente ven\u00eda desde el aut\u00f3dromo municipal, se despist\u00f3 y dio origen al<strong> violento siniestro vial que de milagro no ocasion\u00f3 personas con heridas de consideraci\u00f3n, tanto en sus ocupantes como ocasionales peatones o habitantes del lugar, ya que finaliz\u00f3 a metros de la entrada a un domicilio.\u00a0<\/strong><\/p>\n<p>&nbsp;<\/p>\n<p><img data-recalc-dims=\"1\" loading=\"lazy\" decoding=\"async\" class=\"alignnone size-full wp-image-39393\" src=\"https:\/\/i0.wp.com\/cdnoticias.com\/wp-content\/uploads\/2021\/11\/vuelco-matadero02.jpg?resize=800%2C445&#038;ssl=1\" alt=\"\" width=\"800\" height=\"445\" srcset=\"https:\/\/i0.wp.com\/cdnoticias.com\/wp-content\/uploads\/2021\/11\/vuelco-matadero02.jpg?w=800&amp;ssl=1 800w, https:\/\/i0.wp.com\/cdnoticias.com\/wp-content\/uploads\/2021\/11\/vuelco-matadero02.jpg?resize=300%2C167&amp;ssl=1 300w, https:\/\/i0.wp.com\/cdnoticias.com\/wp-content\/uploads\/2021\/11\/vuelco-matadero02.jpg?resize=768%2C427&amp;ssl=1 768w\" sizes=\"auto, (max-width: 800px) 100vw, 800px\" \/><\/p>\n<p>&nbsp;<\/p>\n<p>Trascendi\u00f3 a la par que no se tratar\u00eda de personas con domicilio en Olavarr\u00eda. <strong>Concurrieron varios m\u00f3viles del Comando de Patrullas local para prestar colaboraci\u00f3n a las personas implicadas y organizar la circulaci\u00f3n por el sector<\/strong>.<\/p>\n","protected":false},"excerpt":{"rendered":"<p>Sucedi\u00f3 en el inicio de la tarde de este domingo sobre la avenida Hermanos Emiliozzi, a metros del Matadero Municipal.<\/p>\n","protected":false},"author":3,"featured_media":39395,"comment_status":"closed","ping_status":"closed","sticky":false,"template":"","format":"standard","meta":{"_jetpack_memberships_contains_paid_content":false,"footnotes":""},"categories":[14,1],"tags":[],"class_list":["post-39392","post","type-post","status-publish","format-standard","has-post-thumbnail","hentry","category-policiales","category-portada"],"jetpack_featured_media_url":"https:\/\/i0.wp.com\/cdnoticias.com\/wp-content\/uploads\/2021\/11\/vuelco-matadero.jpg?fit=800%2C445&ssl=1","jetpack_sharing_enabled":true,"_links":{"self":[{"href":"https:\/\/cdnoticias.com\/index.php\/wp-json\/wp\/v2\/posts\/39392","targetHints":{"allow":["GET"]}}],"collection":[{"href":"https:\/\/cdnoticias.com\/index.php\/wp-json\/wp\/v2\/posts"}],"about":[{"href":"https:\/\/cdnoticias.com\/index.php\/wp-json\/wp\/v2\/types\/post"}],"author":[{"embeddable":true,"href":"https:\/\/cdnoticias.com\/index.php\/wp-json\/wp\/v2\/users\/3"}],"replies":[{"embeddable":true,"href":"https:\/\/cdnoticias.com\/index.php\/wp-json\/wp\/v2\/comments?post=39392"}],"version-history":[{"count":0,"href":"https:\/\/cdnoticias.com\/index.php\/wp-json\/wp\/v2\/posts\/39392\/revisions"}],"wp:featuredmedia":[{"embeddable":true,"href":"https:\/\/cdnoticias.com\/index.php\/wp-json\/wp\/v2\/media\/39395"}],"wp:attachment":[{"href":"https:\/\/cdnoticias.com\/index.php\/wp-json\/wp\/v2\/media?parent=39392"}],"wp:term":[{"taxonomy":"category","embeddable":true,"href":"https:\/\/cdnoticias.com\/index.php\/wp-json\/wp\/v2\/categories?post=39392"},{"taxonomy":"post_tag","embeddable":true,"href":"https:\/\/cdnoticias.com\/index.php\/wp-json\/wp\/v2\/tags?post=39392"}],"curies":[{"name":"wp","href":"https:\/\/api.w.org\/{rel}","templated":true}]}}