{"id":39383,"date":"2021-11-22T12:27:34","date_gmt":"2021-11-22T15:27:34","guid":{"rendered":"http:\/\/www.centraldenoticias.com.ar\/?p=39383"},"modified":"2021-11-22T12:27:34","modified_gmt":"2021-11-22T15:27:34","slug":"se-creo-la-nueva-subcomision-de-bomberos-voluntarios-de-sierras-bayas","status":"publish","type":"post","link":"https:\/\/cdnoticias.com\/index.php\/2021\/11\/22\/se-creo-la-nueva-subcomision-de-bomberos-voluntarios-de-sierras-bayas\/","title":{"rendered":"Se cre\u00f3 la nueva subcomisi\u00f3n de Bomberos Voluntarios de Sierras Bayas"},"content":{"rendered":"<p>La agrupaci\u00f3n se formaliz\u00f3 en la noche del viernes en una reuni\u00f3n en la que estuvieron autoridades de la Asociaci\u00f3n y del Cuerpo Activo. El objetivo inicial: celebrar los 25 a\u00f1os del Destacamento N\u00b0 2 en 2022.<!--more--><\/p>\n<hr \/>\n<p><strong>En la noche del viernes pasado en el destacamento de Bomberos Voluntarios Nro. 2 de Sierras Bayas, qued\u00f3 conformada la flamante subcomisi\u00f3n de vecinos de la localidad<\/strong>.<\/p>\n<p>&nbsp;<\/p>\n<p>Concurrieron el comandante general del cuerpo activo Ra\u00fal A. Ferreira, el presidente Hugo Fayan\u00e1s junto a miembros del Consejo Directivo. El encuentro estuvo enmarcado en la<strong> creaci\u00f3n de la nueva subcomisi\u00f3n del destacamento la cual tendr\u00e1 distintos objetivos de inserci\u00f3n<\/strong> dentro de la comunidad serrana.<\/p>\n<p>&nbsp;<\/p>\n<blockquote><p>Entre los temas que se hablaron fue que \u201cel a\u00f1o que viene el destacamento cumple 25 a\u00f1os desde su creaci\u00f3n y la idea es poder celebrarlo con un gran acto y cena. Tambi\u00e9n se destac\u00f3 la presencia de 15 vecinos de la localidad con ganas de aportar tiempo y ganas para que a los bomberos de ese destacamento est\u00e9n contenidos y no les falte ning\u00fan elemento vital para el rescate y cuidado personal\u201d se destac\u00f3 desde Bomberos.<\/p><\/blockquote>\n<p>&nbsp;<\/p>\n<p><strong>&#8220;Para nosotros es una gran alegr\u00eda poder seguir sumando vecinos que tengan ganas de donar su tiempo para bomberos&#8221;<\/strong> destac\u00f3 el titular de la Asociaci\u00f3n. &#8220;Tenemos muchas cosas por hacer y desarrollar, lo mejor que nos puede pasar es que los vecinos de la localidad est\u00e9n inmersos en esta subcomisi\u00f3n y tengan esa actitud de ayudar. En estos 24 a\u00f1os de su creaci\u00f3n, el destacamento nunca hab\u00eda tenido una subcomisi\u00f3n y <strong>esto es un gran paso para poder tener autonom\u00eda propia<\/strong>. No tengo dudas que este grupo de mujeres y hombres van a hacer un gran trabajo que redundar\u00e1 en m\u00e1s calidad y fortalecimiento en la esfera bomberil&#8221; dec\u00eda Hugo Fayan\u00e1s.<\/p>\n<p>&nbsp;<\/p>\n<p>La nueva subcomisi\u00f3n qued\u00f3 conformada con los siguientes vecinos:\u00a0<strong>Coordinadora Susana Caminiti<\/strong>; <em>Mart\u00edn Sandoval; Araceli Ruppel; Marcel Becker; Claudia Echeverri; Patricia Echeverria; Cintia Mart\u00edn; Mariela Mart\u00edn; Luis Migliorata; Alberto De Alesandre; Mauricio Luguercio; Lorena Cuello; Graciela Schwindt; Ver\u00f3nica Recabarren; Silvia Gonz\u00e1lez; Ester Timpanaro y Andrea Becker<\/em>.<\/p>\n","protected":false},"excerpt":{"rendered":"<p>La agrupaci\u00f3n se formaliz\u00f3 en la noche del viernes en una reuni\u00f3n en la que estuvieron autoridades de la Asociaci\u00f3n<\/p>\n","protected":false},"author":4,"featured_media":39384,"comment_status":"closed","ping_status":"closed","sticky":false,"template":"","format":"standard","meta":{"_jetpack_memberships_contains_paid_content":false,"footnotes":""},"categories":[5,1],"tags":[],"class_list":["post-39383","post","type-post","status-publish","format-standard","has-post-thumbnail","hentry","category-informacion-general","category-portada"],"jetpack_featured_media_url":"https:\/\/i0.wp.com\/cdnoticias.com\/wp-content\/uploads\/2021\/11\/bomberos-subcomision-sierras-bayas-00.jpg?fit=666%2C370&ssl=1","jetpack_sharing_enabled":true,"_links":{"self":[{"href":"https:\/\/cdnoticias.com\/index.php\/wp-json\/wp\/v2\/posts\/39383","targetHints":{"allow":["GET"]}}],"collection":[{"href":"https:\/\/cdnoticias.com\/index.php\/wp-json\/wp\/v2\/posts"}],"about":[{"href":"https:\/\/cdnoticias.com\/index.php\/wp-json\/wp\/v2\/types\/post"}],"author":[{"embeddable":true,"href":"https:\/\/cdnoticias.com\/index.php\/wp-json\/wp\/v2\/users\/4"}],"replies":[{"embeddable":true,"href":"https:\/\/cdnoticias.com\/index.php\/wp-json\/wp\/v2\/comments?post=39383"}],"version-history":[{"count":0,"href":"https:\/\/cdnoticias.com\/index.php\/wp-json\/wp\/v2\/posts\/39383\/revisions"}],"wp:featuredmedia":[{"embeddable":true,"href":"https:\/\/cdnoticias.com\/index.php\/wp-json\/wp\/v2\/media\/39384"}],"wp:attachment":[{"href":"https:\/\/cdnoticias.com\/index.php\/wp-json\/wp\/v2\/media?parent=39383"}],"wp:term":[{"taxonomy":"category","embeddable":true,"href":"https:\/\/cdnoticias.com\/index.php\/wp-json\/wp\/v2\/categories?post=39383"},{"taxonomy":"post_tag","embeddable":true,"href":"https:\/\/cdnoticias.com\/index.php\/wp-json\/wp\/v2\/tags?post=39383"}],"curies":[{"name":"wp","href":"https:\/\/api.w.org\/{rel}","templated":true}]}}