{"id":39358,"date":"2021-11-21T19:06:22","date_gmt":"2021-11-21T22:06:22","guid":{"rendered":"http:\/\/www.centraldenoticias.com.ar\/?p=39358"},"modified":"2021-11-22T09:49:45","modified_gmt":"2021-11-22T12:49:45","slug":"una-victoria-clara-y-un-festejo-euforico-el-analisis-de-las-legislativas-de-olavarria","status":"publish","type":"post","link":"https:\/\/cdnoticias.com\/index.php\/2021\/11\/21\/una-victoria-clara-y-un-festejo-euforico-el-analisis-de-las-legislativas-de-olavarria\/","title":{"rendered":"Una victoria clara y un festejo euf\u00f3rico, el an\u00e1lisis de las Legislativas de Olavarr\u00eda"},"content":{"rendered":"<p>El triunfo de Juntos fue contundente, pero no cumpli\u00f3 con todas las expectativas. El Frente de Todos fue segundo y se celebr\u00f3 efusivamente ya que lo proyectado se vio superado. El cierre del proceso electoral con anuncios de PASO 2023.<!--more--><\/p>\n<hr \/>\n<p>Extracto del newsletter Volver a las Fuentes,\u00a0<a href=\"https:\/\/mailchi.mp\/7cc1cdb9cf4a\/los-verdaderos-protagonistas-de-las-elecciones?e=e4ffb04d40\" target=\"_blank\" rel=\"noopener\">donde\u00a0se\u00a0puede acceder y suscribir ac\u00e1<\/a>.\u00a0Por Alexis Grierson y Josefina Bargas.<\/p>\n<p>&nbsp;<\/p>\n<p><strong><u>Gan\u00f3 Juntos, pero\u2026<\/u><\/strong><\/p>\n<p>&nbsp;<\/p>\n<p><a href=\"https:\/\/cdnoticias.com\/index.php\/2021\/11\/17\/la-eleccion-legislativa-al-detalle-que-paso-circuito-por-circuito\/\" target=\"_blank\" rel=\"noopener\">Fue contundente. La victoria de Bruno Cenizo<\/a> dej\u00f3 en claro que\u00a0<strong>Juntos marca una era de la gesti\u00f3n en Olavarr\u00eda<\/strong>: a\u00fan con la mejora de todos los espacios pol\u00edticos en la comparativa con la PASO, se impuso por 16 puntos a Maximiliano Wesner, del Frente de Todos, y\u00a0<strong>ratific\u00f3 el liderazgo del Intendente Galli,<\/strong>\u00a0dado que como ha quedado expuesto en la campa\u00f1a, era \u201cla lista de Ezequiel\u201d. Hasta ah\u00ed, no parece haber grandes dudas en torno a los an\u00e1lisis. Pero\u2026<\/p>\n<p>&nbsp;<\/p>\n<p><a href=\"https:\/\/cdnoticias.com\/index.php\/2021\/11\/14\/elecciones-2021-juntos-ratifico-el-liderazgo-local-con-varios-asteriscos\/\" target=\"_blank\" rel=\"noopener\">El festejo no fue completamente efusivo<\/a>.\u00a0<strong>Hubo ausencias, una celebraci\u00f3n modesta y a otra cosa<\/strong>: el no ingreso de Bel\u00e9n Vergel (UCR) al Concejo Deliberante y el \u00bfsorpresivo? no ingreso de Diego Robbiani a la Legislatura Bonaerense dejaron\u00a0<strong>dudas en torno al liderazgo del Intendente en la coalici\u00f3n de gobierno de aqu\u00ed en m\u00e1s\u00a0<\/strong>pero, sobre todo, en la Secci\u00f3n donde se posicion\u00f3 como l\u00edder y se qued\u00f3 con las manos vac\u00edas.<\/p>\n<p>&nbsp;<\/p>\n<p>Los comentarios sobre el\u00a0<strong>\u201cenojo\u201d en los \u00e1mbitos legislativos por perder un senador clave\u00a0<\/strong>en el juego pol\u00edtico de aqu\u00ed al 2023 se trataron de hacer saber por lo bajo. Era \u201cel tema\u201d de la Legislatura, con celebraci\u00f3n para el Frente de Todos, lamento del Pro\u2026 y un negocio para la UCR, que gan\u00f3 la interna con Alejandro Cellillo, y lo ratific\u00f3 con una victoria con m\u00e1s de 50 puntos en la sumatoria de los ocho distritos de la S\u00e9ptima.<\/p>\n<p>&nbsp;<\/p>\n<p><img data-recalc-dims=\"1\" loading=\"lazy\" decoding=\"async\" class=\"size-full wp-image-38742 aligncenter\" src=\"https:\/\/i0.wp.com\/cdnoticias.com\/wp-content\/uploads\/2021\/11\/juntos-2.jpg?resize=800%2C445&#038;ssl=1\" alt=\"\" width=\"800\" height=\"445\" srcset=\"https:\/\/i0.wp.com\/cdnoticias.com\/wp-content\/uploads\/2021\/11\/juntos-2.jpg?w=800&amp;ssl=1 800w, https:\/\/i0.wp.com\/cdnoticias.com\/wp-content\/uploads\/2021\/11\/juntos-2.jpg?resize=300%2C167&amp;ssl=1 300w, https:\/\/i0.wp.com\/cdnoticias.com\/wp-content\/uploads\/2021\/11\/juntos-2.jpg?resize=768%2C427&amp;ssl=1 768w\" sizes=\"auto, (max-width: 800px) 100vw, 800px\" \/><\/p>\n<p>&nbsp;<\/p>\n<p>En los hechos, el domingo Vergel no se qued\u00f3 a la celebraci\u00f3n de Juntos en el bunker de Mariano Moreno, y hab\u00eda caras largas por la situaci\u00f3n de Robbiani. Por lo dem\u00e1s, hubo mucha satisfacci\u00f3n: durante esta semana <a href=\"https:\/\/cdnoticias.com\/index.php\/2021\/11\/16\/galli-vamos-a-inaugurar-el-ciclo-2022-en-la-escuela-no-50\/\">Galli continu\u00f3 con su agenda de recorridas junto a Cenizo y Robbiani<\/a>, y los coletazos de la \u201cvictoria\/derrota\u201d no se notaron. Por el contrario:\u00a0<strong>\u201cno puede ser que otros espacios festejen sacar 31 puntos cuando la diferencia fue de 16\u201d<\/strong>\u00a0fue la frase m\u00e1s o\u00edda en el Palacio San Mart\u00edn.<\/p>\n<p>&nbsp;<\/p>\n<p>Todav\u00eda m\u00e1s: se\u00f1alaron que en Olavarr\u00eda \u201cse hicieron los deberes con la Secci\u00f3n\u201d y se aportaron los votos de sobra para que Robbiani ingrese a la Legislatura.\u00a0<strong>Habla bien, eso, del m\u00e9rito de Bucca para remontar la elecci\u00f3n sumando 12.500 votos m\u00e1s que en la PASO<\/strong>: hiciera lo que hiciera Juntos, si Todos sacaba el 33,3%, entraba un legislador. Y as\u00ed sucedi\u00f3.<\/p>\n<p>&nbsp;<\/p>\n<p><em>\u00bfHubo algunas consultas por el recuento definitivo y el posible no ingreso de Bucca?\u00a0<\/em>Parece dif\u00edcil teniendo en cuenta que los votos recurridos ser\u00edan menos a los que obtuvo el bolivarense para superar el piso, pero algunos pidieron ser \u201cprudentes\u201d en torno a la ca\u00edda de votos que le dar\u00eda la banca a Robbiani, finalmente. \u201cEs un manotazo de ahogado, no hay chances y\u00a0<strong>es una locura plantear dudas en una elecci\u00f3n tan clara<\/strong>. Incluso los recurridos son menos de lo que le sobr\u00f3 a Bali para ser senador\u201d respondieron ante la consulta.<\/p>\n<p>&nbsp;<\/p>\n<p><img data-recalc-dims=\"1\" loading=\"lazy\" decoding=\"async\" class=\"alignnone size-large wp-image-38710\" src=\"https:\/\/i0.wp.com\/cdnoticias.com\/wp-content\/uploads\/2021\/11\/WhatsApp-Image-2021-11-14-at-20.09.46.jpeg?resize=800%2C534&#038;ssl=1\" alt=\"\" width=\"800\" height=\"534\" srcset=\"https:\/\/i0.wp.com\/cdnoticias.com\/wp-content\/uploads\/2021\/11\/WhatsApp-Image-2021-11-14-at-20.09.46.jpeg?resize=1024%2C683&amp;ssl=1 1024w, https:\/\/i0.wp.com\/cdnoticias.com\/wp-content\/uploads\/2021\/11\/WhatsApp-Image-2021-11-14-at-20.09.46.jpeg?resize=300%2C200&amp;ssl=1 300w, https:\/\/i0.wp.com\/cdnoticias.com\/wp-content\/uploads\/2021\/11\/WhatsApp-Image-2021-11-14-at-20.09.46.jpeg?resize=768%2C512&amp;ssl=1 768w, https:\/\/i0.wp.com\/cdnoticias.com\/wp-content\/uploads\/2021\/11\/WhatsApp-Image-2021-11-14-at-20.09.46.jpeg?resize=272%2C182&amp;ssl=1 272w, https:\/\/i0.wp.com\/cdnoticias.com\/wp-content\/uploads\/2021\/11\/WhatsApp-Image-2021-11-14-at-20.09.46.jpeg?w=1500&amp;ssl=1 1500w\" sizes=\"auto, (max-width: 800px) 100vw, 800px\" \/><\/p>\n<p>&nbsp;<\/p>\n<p><em>\u00bfC\u00f3mo quedar\u00e1 la relaci\u00f3n con el radicalismo de aqu\u00ed en m\u00e1s?\u00a0<\/em>A\u00a0<strong>Sebasti\u00e1n Matrella<\/strong>, al menos en lo gestual, se lo vio acongojado y hasta casi con culpa por el no ingreso de Vergel: \u201cella es la que realmente merece estar ac\u00e1\u201d dijo en su discurso. Tambi\u00e9n en lo gestual estuvo cada uno por su lado,\u00a0<strong>incluso las \u201cbarras\u201d con bombos lo hicieron separados<\/strong>. Los Jovenez por un lado, la Juventud Radical por el otro. \u00bfUn signo de lo que se viene? El balance de la campa\u00f1a post integraci\u00f3n hab\u00eda sido \u201cmuy bueno\u201d pero\u00a0<em>el radicalismo dej\u00f3 varias pistas sobre su intenci\u00f3n de, otra vez, buscar una interna en la Ejecutiva de 2023\u2026 \u00bfser\u00e1 contra el mism\u00edsimo Ezequiel Galli?\u00a0<\/em><\/p>\n<p>&nbsp;<\/p>\n<p>Mientras tanto,\u00a0<strong>los rumores de un interbloque crecen y la UCR buscar\u00eda sostener la unidad con autonom\u00eda<\/strong>. Es algo que se viene hablando dentro de Juntos y es una posibilidad m\u00e1s que concreta. Bloques como Foro Olavarria, en di\u00e1logo con este newsletter, dejaron en claro que seguir\u00e1n reforzando la unidad del Frente de Todos con la figura del interbloque, algo que existe en la pr\u00e1ctica, no en los papeles&#8230; pero que es una fuerte garant\u00eda de unidad. \u00bfEl radicalismo se sumar\u00e1 a estas decisiones?<\/p>\n<p>&nbsp;<\/p>\n<p>En el an\u00e1lisis del comportamiento del voto local,\u00a0<strong>Juntos es una maquinita con un piso que parece consolidado de 31 mil votos de 2015 hasta ahora<\/strong>. Y, casi casi, que una garant\u00eda de tranquilidad: gan\u00f3 con mucha comodidad en los circuitos con mayor cantidad de votantes (Microcentro, Pueblo Nuevo, San Vicente) y tambi\u00e9n lo hizo con menor diferencia en los dem\u00e1s circuitos. Contundente por donde se lo mire, y con una distribuci\u00f3n casi que tradicional para el espacio. Pero\u2026<\/p>\n<p>&nbsp;<\/p>\n<p><u><strong>Celeste y una sorpresa no tan sorpresiva<\/strong><\/u><\/p>\n<p>&nbsp;<\/p>\n<p>En el cierre de listas se viraliz\u00f3 un audio, con su voz, convocando a \u201ccompletar la lista\u201d. En la previa a las PASO se especulaba con que \u201cno pasar\u00eda el corte del 1,5%\u201d.\u00a0Y post Primarias se especulaba con que \u201cquedar\u00eda cerca del ingreso de un concejal, le va a faltar poco\u201d.\u00a0<strong>Celeste Arouxet fue contra todo eso. Y se qued\u00f3 con una banca representando a Ahora Olavarr\u00eda<\/strong>\u00a0con la lista de Avanza Libertad, el espacio de Jos\u00e9 Luis Espert. Pero en la conformaci\u00f3n de su electorado\u00a0hay algo que no debe dejarse pasar por alto.<\/p>\n<p>&nbsp;<\/p>\n<p><img data-recalc-dims=\"1\" loading=\"lazy\" decoding=\"async\" class=\"size-large wp-image-38716 aligncenter\" src=\"https:\/\/i0.wp.com\/cdnoticias.com\/wp-content\/uploads\/2021\/11\/entrearou.jpg?resize=800%2C445&#038;ssl=1\" alt=\"\" width=\"800\" height=\"445\" srcset=\"https:\/\/i0.wp.com\/cdnoticias.com\/wp-content\/uploads\/2021\/11\/entrearou.jpg?resize=1024%2C570&amp;ssl=1 1024w, https:\/\/i0.wp.com\/cdnoticias.com\/wp-content\/uploads\/2021\/11\/entrearou.jpg?resize=300%2C167&amp;ssl=1 300w, https:\/\/i0.wp.com\/cdnoticias.com\/wp-content\/uploads\/2021\/11\/entrearou.jpg?resize=768%2C427&amp;ssl=1 768w, https:\/\/i0.wp.com\/cdnoticias.com\/wp-content\/uploads\/2021\/11\/entrearou.jpg?resize=800%2C445&amp;ssl=1 800w, https:\/\/i0.wp.com\/cdnoticias.com\/wp-content\/uploads\/2021\/11\/entrearou.jpg?w=1600&amp;ssl=1 1600w\" sizes=\"auto, (max-width: 800px) 100vw, 800px\" \/><\/p>\n<p>&nbsp;<\/p>\n<p><a href=\"https:\/\/cdnoticias.com\/index.php\/2021\/11\/14\/siento-que-cumplimos-un-sueno-de-mucho-esfuerzo-costo-muchisimo\/\" target=\"_blank\" rel=\"noopener\">Logr\u00f3 poco m\u00e1s del 10,5% de los votos<\/a>.\u00a0<strong>Qued\u00f3, incluso, a un paso del ingreso del segundo concejal<\/strong>, Guillermo Lascano, por el \u201cresidual\u201d del sistema de cocientes. Si nos vamos al desglosado de los n\u00fameros, podemos encontrar<strong>\u00a0la clave del voto: \u00bfel radicalismo?\u00a0<\/strong>No se puede saber fehacientemente, pero\u2026<\/p>\n<p>&nbsp;<\/p>\n<p>Avanza Libertad logr\u00f3 una elecci\u00f3n muy pareja: salvo en algunos pocos circuitos donde baja del 10%, en la mayor\u00eda logr\u00f3 ese piso de votos. Sin embargo,\u00a0<strong>en los circuitos donde Juntos es m\u00e1s fuerte (y donde m\u00e1s ventaja sac\u00f3) Arouxet fue donde, tambi\u00e9n, m\u00e1s votos sac\u00f3<\/strong>, superando incluso el 11% de los votos.<\/p>\n<p>&nbsp;<\/p>\n<p>Si a eso le sumamos que\u00a0<strong>Diego Santilli logr\u00f3 m\u00e1s votos que Bruno Cenizo (alrededor de 700) y Arouxet logr\u00f3 800 m\u00e1s que su compa\u00f1ero de boleta, Espert<\/strong>, se puede ver de m\u00ednima dos posibilidades:\u00a0<em>o hubo un acompa\u00f1amiento radical m\u00e1s importante, o comienza a aparecer un votante de Juntos m\u00e1s \u201ccr\u00edtico\u201d de la gesti\u00f3n comunal<\/em>. \u00bfPodr\u00edamos decirle \u201cantigallismo\u201d? Quiz\u00e1s le queda un poco grande por ser la primera vez que se vislumbra algo as\u00ed. M\u00e1s adecuado ser\u00eda\u00a0<strong>un \u201ctir\u00f3n de orejas\u201d para el mandatario local. Y un premio para Arouxet,<\/strong>\u00a0que renovar\u00e1 su banca.<\/p>\n<p>&nbsp;<\/p>\n<p><img data-recalc-dims=\"1\" loading=\"lazy\" decoding=\"async\" class=\"size-large wp-image-38704 aligncenter\" src=\"https:\/\/i0.wp.com\/cdnoticias.com\/wp-content\/uploads\/2021\/11\/arouxet3.jpg?resize=800%2C445&#038;ssl=1\" alt=\"\" width=\"800\" height=\"445\" srcset=\"https:\/\/i0.wp.com\/cdnoticias.com\/wp-content\/uploads\/2021\/11\/arouxet3.jpg?resize=1024%2C569&amp;ssl=1 1024w, https:\/\/i0.wp.com\/cdnoticias.com\/wp-content\/uploads\/2021\/11\/arouxet3.jpg?resize=300%2C167&amp;ssl=1 300w, https:\/\/i0.wp.com\/cdnoticias.com\/wp-content\/uploads\/2021\/11\/arouxet3.jpg?resize=768%2C427&amp;ssl=1 768w, https:\/\/i0.wp.com\/cdnoticias.com\/wp-content\/uploads\/2021\/11\/arouxet3.jpg?resize=800%2C445&amp;ssl=1 800w, https:\/\/i0.wp.com\/cdnoticias.com\/wp-content\/uploads\/2021\/11\/arouxet3.jpg?w=1599&amp;ssl=1 1599w\" sizes=\"auto, (max-width: 800px) 100vw, 800px\" \/><\/p>\n<p>&nbsp;<\/p>\n<p>La emoci\u00f3n de Arouxet no s\u00f3lo era por el logro: \u201cnunca cre\u00edmos que pod\u00edamos laburar de esa forma, tanto, para hacernos conocer\u201d dijo un integrante de la lista.\u00a0<em>El punteo del padr\u00f3n, la b\u00fasqueda del \u201cradical cr\u00edtico\u201d con la gesti\u00f3n del Municipio y tambi\u00e9n con la propia UCR, las recorridas, el convencimiento<\/em>. S\u00ed, est\u00e1 claro que el empuj\u00f3n de Jos\u00e9 Luis Espert existi\u00f3 y que, adem\u00e1s, en las legislativas las terceras fuerzas tienden a romper un poco con la polarizaci\u00f3n que reina desde hace varios a\u00f1os.<\/p>\n<p>&nbsp;<\/p>\n<p>Y le aporta condimento a\u00a0<strong>un Concejo Deliberante que en la previa parec\u00eda super polarizado<\/strong>\u00a0y que, ahora, dej\u00f3 por un lado a Juntos con la disyuntiva de la UCR y, por el otro, con un voto que puede buscar puentes para lograr la mayor\u00eda. Parece algo muy dif\u00edcil, \u00bfimposible?<\/p>\n<p>&nbsp;<\/p>\n<p><u><strong>La celebraci\u00f3n del derrotado<\/strong><\/u><\/p>\n<p>&nbsp;<\/p>\n<p>Si hablabas con un dirigente o militantes del Frente de Todos en el contexto post PASO y le dec\u00edas\u00a0<em>\u201cte traigo un papel que dice que el 14 de noviembre el espacio sacar\u00e1 m\u00e1s votos, tendr\u00e1 cuatro bancas en el HCD, Bali Bucca ingresar\u00e1 a la Legislatura y a nivel provincial la diferencia con Juntos se achicar\u00e1 considerablemente, \u00bffirm\u00e1s?\u201d\u00a0<\/em>y le pon\u00edan el gancho. Sin dudar. Quiz\u00e1s esa sea una de las razones por las cuales <a href=\"https:\/\/cdnoticias.com\/index.php\/2021\/11\/14\/con-los-primeros-resultados-oficiales-hay-festejos-en-el-frente-de-todos\/\" target=\"_blank\" rel=\"noopener\">en el local partidario de calle Necochea hubo festejos<\/a>. Porque\u00a0<strong>muchos de los objetivos se cumplieron<\/strong>.<\/p>\n<p>&nbsp;<\/p>\n<p><img data-recalc-dims=\"1\" loading=\"lazy\" decoding=\"async\" class=\"size-full wp-image-38732 aligncenter\" src=\"https:\/\/i0.wp.com\/cdnoticias.com\/wp-content\/uploads\/2021\/11\/todos-1.jpg?resize=800%2C445&#038;ssl=1\" alt=\"\" width=\"800\" height=\"445\" srcset=\"https:\/\/i0.wp.com\/cdnoticias.com\/wp-content\/uploads\/2021\/11\/todos-1.jpg?w=800&amp;ssl=1 800w, https:\/\/i0.wp.com\/cdnoticias.com\/wp-content\/uploads\/2021\/11\/todos-1.jpg?resize=300%2C167&amp;ssl=1 300w, https:\/\/i0.wp.com\/cdnoticias.com\/wp-content\/uploads\/2021\/11\/todos-1.jpg?resize=768%2C427&amp;ssl=1 768w\" sizes=\"auto, (max-width: 800px) 100vw, 800px\" \/><\/p>\n<p>&nbsp;<\/p>\n<p>Tambi\u00e9n fue un desahogo. <a href=\"https:\/\/cdnoticias.com\/index.php\/2021\/11\/14\/maximiliano-wesner-quedo-demostrado-que-a-olavarria-la-caminamos-toda\/\" target=\"_blank\" rel=\"noopener\">Sobre todo por los costos de caminar, barrio por barrio, toda la ciudad y las localidades<\/a>. Reconectar con el votante, dialogar con los vecinos, el \u201cvolver a las fuentes\u201d del Frente de Todos, tal como lo hab\u00edamos mencionado en ediciones anteriores.<strong>\u00a0Wesner levant\u00f3 algunos votos, hubo mejoras y el objetivo se cumpli\u00f3<\/strong>.<\/p>\n<p>&nbsp;<\/p>\n<p>De todas maneras, falta. Falta much\u00edsimo porque \u201cse perdi\u00f3 bien en lugares importantes, y eso en una elecci\u00f3n a Intendente es clave\u201d y\u00a0<em>\u201cel trabajo de ac\u00e1 a dos a\u00f1os ser\u00e1 buscar candidatos o formas de acercarnos a un votante que nos es esquivo hist\u00f3ricamente\u201d\u00a0<\/em>dijo un integrante de la coalici\u00f3n del Frente de Todos a este newsletter.<\/p>\n<p>&nbsp;<\/p>\n<p>Es que <strong>el peronismo\/kirchnerismo\/Frente de Todos no logra atravesar ese umbral<\/strong> que, pareciera (aunque con bemoles, como ya aclaramos antes), es un basti\u00f3n de Juntos. Que se asemeja al hist\u00f3rico eseverrismo, que al mismo tiempo tambi\u00e9n simpatiz\u00f3 un poco con Celeste Arouxet, de corte radical aunque libertaria por pertenencia de boleta. Lo ideol\u00f3gico parece lejano con el peronismo.<\/p>\n<p>&nbsp;<\/p>\n<p><img data-recalc-dims=\"1\" loading=\"lazy\" decoding=\"async\" class=\"size-full wp-image-38734 aligncenter\" src=\"https:\/\/i0.wp.com\/cdnoticias.com\/wp-content\/uploads\/2021\/11\/todos01-1.jpg?resize=800%2C445&#038;ssl=1\" alt=\"\" width=\"800\" height=\"445\" srcset=\"https:\/\/i0.wp.com\/cdnoticias.com\/wp-content\/uploads\/2021\/11\/todos01-1.jpg?w=800&amp;ssl=1 800w, https:\/\/i0.wp.com\/cdnoticias.com\/wp-content\/uploads\/2021\/11\/todos01-1.jpg?resize=300%2C167&amp;ssl=1 300w, https:\/\/i0.wp.com\/cdnoticias.com\/wp-content\/uploads\/2021\/11\/todos01-1.jpg?resize=768%2C427&amp;ssl=1 768w\" sizes=\"auto, (max-width: 800px) 100vw, 800px\" \/><\/p>\n<p>&nbsp;<\/p>\n<p>Pero el desaf\u00edo est\u00e1: el presidente Alberto Fern\u00e1ndez dio a entender que podr\u00eda haber internas en 2023 y algunos vieron con agrado esta posibilidad para presentar propuestas, candidatos, y ofrecerle al electorado<strong>\u00a0\u201cuna s\u00edntesis m\u00e1s clara del peronismo local\u201d<\/strong>. Claro est\u00e1,\u00a0<em>no comulgan, al 100%, con quienes comandan el Frente de Todos en la actualidad<\/em>.<\/p>\n<p>&nbsp;<\/p>\n<p><strong>La nota est\u00e1 en Bali Bucca<\/strong>. Con una campa\u00f1a casi en solitario por los distritos de la S\u00e9ptima, la levantada general ayud\u00f3 y \u00e9l le termin\u00f3 de dar el toque para <a href=\"https:\/\/cdnoticias.com\/index.php\/2021\/11\/14\/bali-bucca-ingresara-al-senado-y-el-gobierno-tendra-mayoria\/\" target=\"_blank\" rel=\"noopener\">lo que bien podr\u00eda ser un batacazo<\/a>.\u00a0<strong>Hoy lo pone en un lugar clave: 23-23 en el senado provincial\u00a0<\/strong>y el desempate lo tendr\u00e1 la vicegobernadora Magario. Todo ganancia para el gobierno bonaerense y <a href=\"https:\/\/cdnoticias.com\/index.php\/2021\/11\/18\/axel-kicillof-destaco-el-resultado-electoral-de-la-septima\/\" target=\"_blank\" rel=\"noopener\">Kicillof lo festej\u00f3<\/a>.<\/p>\n<p>&nbsp;<\/p>\n<p>\u00bfSe acuerdan cuando hicimos una correcci\u00f3n de los votos que necesitaba el bolivarense para ser senador? Cr\u00e9dito para aquel que hizo el se\u00f1alamiento: no eran 3 mil, eran, de m\u00ednima, 11 mil votos&#8230;y\u00a0<strong>Bucca logr\u00f3 casi 13 mil<\/strong>. Y entr\u00f3 por poco m\u00e1s de 700 votos. Un relojito.<\/p>\n<p>&nbsp;<\/p>\n<p><img data-recalc-dims=\"1\" loading=\"lazy\" decoding=\"async\" class=\"size-full wp-image-38604 aligncenter\" src=\"https:\/\/i0.wp.com\/cdnoticias.com\/wp-content\/uploads\/2021\/11\/bali-bucca-vota.jpg?resize=700%2C389&#038;ssl=1\" alt=\"\" width=\"700\" height=\"389\" srcset=\"https:\/\/i0.wp.com\/cdnoticias.com\/wp-content\/uploads\/2021\/11\/bali-bucca-vota.jpg?w=700&amp;ssl=1 700w, https:\/\/i0.wp.com\/cdnoticias.com\/wp-content\/uploads\/2021\/11\/bali-bucca-vota.jpg?resize=300%2C167&amp;ssl=1 300w\" sizes=\"auto, (max-width: 700px) 100vw, 700px\" \/><\/p>\n<p>&nbsp;<\/p>\n<p>Adem\u00e1s, si bien\u00a0<strong>la levantada en Azul y Bol\u00edvar fue quiz\u00e1s la llave de la superaci\u00f3n del piso del 33,3%<\/strong>, donde obtuvo muy buenos resultados (a\u00fan perdiendo) fue en los denominados \u201cpueblos chicos\u201d de la S\u00e9ptima. Un poco rompi\u00f3 con la premisa b\u00e1sica de estos pagos: el Frente de Todos perdi\u00f3 en la ciudad, en su ciudad natal y en Azul y, a\u00fan as\u00ed, levant\u00f3 y mucho con los resultados en el resto de los distritos. Doble de valedero.<\/p>\n<p>&nbsp;<\/p>\n<p>De todos modos,\u00a0<strong>otro asterisco para el Frente de Todos: s\u00f3lo gan\u00f3 en General Alvear<\/strong>\u00a0(los pagos de Cellillo, nadie es profeta en su tierra evidentemente) y perdi\u00f3 los otros siete distritos de la S\u00e9ptima. Si bien en el interior de la Provincia Juntos obtuvo victorias sin atenuantes (47% de promedio en los distritos m\u00e1s grandes del interior del territorio bonaerense) Todos no logr\u00f3 conectar en muchos Partidos que, incluso, gobiernan hace muchos a\u00f1os, como en Tapalqu\u00e9 o el mismo Bol\u00edvar.<\/p>\n<p>&nbsp;<\/p>\n<p><img data-recalc-dims=\"1\" loading=\"lazy\" decoding=\"async\" class=\"size-large wp-image-39108 aligncenter\" src=\"https:\/\/i0.wp.com\/cdnoticias.com\/wp-content\/uploads\/2021\/11\/kicillof-bali-bucca2.jpg?resize=800%2C441&#038;ssl=1\" alt=\"\" width=\"800\" height=\"441\" srcset=\"https:\/\/i0.wp.com\/cdnoticias.com\/wp-content\/uploads\/2021\/11\/kicillof-bali-bucca2.jpg?w=1024&amp;ssl=1 1024w, https:\/\/i0.wp.com\/cdnoticias.com\/wp-content\/uploads\/2021\/11\/kicillof-bali-bucca2.jpg?resize=300%2C166&amp;ssl=1 300w, https:\/\/i0.wp.com\/cdnoticias.com\/wp-content\/uploads\/2021\/11\/kicillof-bali-bucca2.jpg?resize=768%2C424&amp;ssl=1 768w\" sizes=\"auto, (max-width: 800px) 100vw, 800px\" \/><\/p>\n<p>&nbsp;<\/p>\n<p>\u00bfY ahora?\u00a0<strong>Bucca se posicion\u00f3 como probable referente de la Secci\u00f3n en el Frente de Todos<\/strong>\u00a0e incluso toda la campa\u00f1a sobrevol\u00f3 la sombra de \u201cenfrentarle\u201d el liderazgo a C\u00e9sar Valicenti. Hoy por hoy -y consultado con varios de los implicados-\u00a0<strong>es algo que no suceder\u00e1<\/strong>. S\u00ed suceder\u00e1 algo que se vio durante la campa\u00f1a, que es que cada uno fortalecer\u00e1 armados y estructuras para aportar a la uni\u00f3n del peronismo. Si los caminos se cruzan en una interna, que sea. Pero no es la idea, aunque falten dos a\u00f1os.<\/p>\n<p>&nbsp;<\/p>\n<p>Y un asterisco:\u00a0<strong>el cierre del proceso electoral legislativo dej\u00f3 a los referentes nacionales de las dos principales fuerzas adelantando que habr\u00e1 PASO en 2023<\/strong>. Aunque partiendo de escenarios bien distintos. Juntos lo hizo para ratificar que lo de septiembre fue m\u00e1s que positivo y porque interpretaron que \u201cla ciudadan\u00eda aval\u00f3 la metodolog\u00eda\u201d, en palabras de <strong>Larreta y Lousteau<\/strong>. Todos los hizo despu\u00e9s de la remontada, como un m\u00e9todo de resolver las fuertes presiones internas que terminaron en disputa p\u00fablica despu\u00e9s de las Primarias, (lo que incluy\u00f3 una carta y un audio, \u00bfc\u00f3mo olvidarlo?). Lo anunci\u00f3 <strong>el presidente Fern\u00e1ndez<\/strong> en el acto del D\u00eda de la Militancia. El olor internas ya se siente en Olavarr\u00eda, \u00bfno?<\/p>\n<p>&nbsp;<\/p>\n<p><img data-recalc-dims=\"1\" loading=\"lazy\" decoding=\"async\" class=\"size-full wp-image-37915 aligncenter\" src=\"https:\/\/i0.wp.com\/cdnoticias.com\/wp-content\/uploads\/2021\/11\/Conferencia.jpg?resize=800%2C445&#038;ssl=1\" alt=\"\" width=\"800\" height=\"445\" srcset=\"https:\/\/i0.wp.com\/cdnoticias.com\/wp-content\/uploads\/2021\/11\/Conferencia.jpg?w=800&amp;ssl=1 800w, https:\/\/i0.wp.com\/cdnoticias.com\/wp-content\/uploads\/2021\/11\/Conferencia.jpg?resize=300%2C167&amp;ssl=1 300w, https:\/\/i0.wp.com\/cdnoticias.com\/wp-content\/uploads\/2021\/11\/Conferencia.jpg?resize=768%2C427&amp;ssl=1 768w\" sizes=\"auto, (max-width: 800px) 100vw, 800px\" \/><\/p>\n<p>&nbsp;<\/p>\n<p><u><strong>Sumaron y festejaron, aunque no entraron<\/strong><\/u><\/p>\n<p>&nbsp;<\/p>\n<p>Las otras dos fuerzas que compitieron el domingo tambi\u00e9n tuvieron actuaciones m\u00e1s que destacadas, aunque muy lejos del piso de ingreso de concejales.<strong>\u00a0El FIT logr\u00f3 subir de 4,44% a 6,37%<\/strong>: unos 2.600 votos que ratificaron el cuarto lugar para <a href=\"https:\/\/cdnoticias.com\/index.php\/2021\/11\/14\/yessica-almeida-se-empieza-a-reflejar-el-crecimiento-de-la-izquierda\/\" target=\"_blank\" rel=\"noopener\">la lista que encabez\u00f3 Yessica Almeida<\/a>.<\/p>\n<p>&nbsp;<\/p>\n<p>El resultado es hist\u00f3rico en el plano local y cabe se\u00f1alar que hubo circuitos donde super\u00f3 con creces los siete puntos, el 711E y Loma Negra, que sumados tambi\u00e9n al buen resultado del 711C le dieron el empuj\u00f3n. Y tambi\u00e9n puede llegar a interpretarse que\u00a0<strong>el resultado del trabajo en la calle que hicieron el Partido Obrero, el Polo Obrero y el Plenario de Trabajadoras en estos dos a\u00f1os tuvo su correlato local<\/strong>. Am\u00e9n de que el FIT mejor\u00f3 en toda la provincia y tambi\u00e9n a nivel general del pa\u00eds.<\/p>\n<p>&nbsp;<\/p>\n<p><img data-recalc-dims=\"1\" loading=\"lazy\" decoding=\"async\" class=\"size-full wp-image-38589 aligncenter\" src=\"https:\/\/i0.wp.com\/cdnoticias.com\/wp-content\/uploads\/2021\/11\/almeida-vota-00.jpg?resize=800%2C445&#038;ssl=1\" alt=\"\" width=\"800\" height=\"445\" srcset=\"https:\/\/i0.wp.com\/cdnoticias.com\/wp-content\/uploads\/2021\/11\/almeida-vota-00.jpg?w=800&amp;ssl=1 800w, https:\/\/i0.wp.com\/cdnoticias.com\/wp-content\/uploads\/2021\/11\/almeida-vota-00.jpg?resize=300%2C167&amp;ssl=1 300w, https:\/\/i0.wp.com\/cdnoticias.com\/wp-content\/uploads\/2021\/11\/almeida-vota-00.jpg?resize=768%2C427&amp;ssl=1 768w\" sizes=\"auto, (max-width: 800px) 100vw, 800px\" \/><\/p>\n<p>&nbsp;<\/p>\n<p><a href=\"https:\/\/cdnoticias.com\/index.php\/2021\/11\/14\/andrea-coronel-hemos-dado-un-mejor-resultado-a-lo-que-fueron-las-paso\/\" target=\"_blank\" rel=\"noopener\">La quinta fuerza fue<\/a><strong>\u00a0Vamos con Vos que subi\u00f3 a 4,55%<\/strong>\u00a0el domingo pasado,\u00a0un punto m\u00e1s. Vamos a se\u00f1alar dos aspectos del resultado: de la PASO a la Legislativa\u00a0<strong>cambi\u00f3 la tendencia del corte\u00a0<\/strong>y la \u00faltima vez Florencio Randazzo fue m\u00e1s votado que Andrea Coronel, aunque no por mucho claro.<\/p>\n<p>&nbsp;<\/p>\n<p>Adem\u00e1s,\u00a0<em>los mejores resultados de esta fuerza provinieron de las localidades y los sectores rurales<\/em>. Un poco de la mano con esos datos, un dirigente pol\u00edtico coment\u00f3 que\u00a0<strong>le termin\u00f3 complicando m\u00e1s el resultado a la lista de Juntos<\/strong>\u00a0que a la del Frente de Todos como se planteaba en la teor\u00eda.<\/p>\n<p>&nbsp;<\/p>\n<p><img data-recalc-dims=\"1\" loading=\"lazy\" decoding=\"async\" class=\"size-large wp-image-38612 aligncenter\" src=\"https:\/\/i0.wp.com\/cdnoticias.com\/wp-content\/uploads\/2021\/11\/coronel01-1.jpg?resize=800%2C445&#038;ssl=1\" alt=\"\" width=\"800\" height=\"445\" srcset=\"https:\/\/i0.wp.com\/cdnoticias.com\/wp-content\/uploads\/2021\/11\/coronel01-1.jpg?resize=1024%2C570&amp;ssl=1 1024w, https:\/\/i0.wp.com\/cdnoticias.com\/wp-content\/uploads\/2021\/11\/coronel01-1.jpg?resize=300%2C167&amp;ssl=1 300w, https:\/\/i0.wp.com\/cdnoticias.com\/wp-content\/uploads\/2021\/11\/coronel01-1.jpg?resize=768%2C427&amp;ssl=1 768w, https:\/\/i0.wp.com\/cdnoticias.com\/wp-content\/uploads\/2021\/11\/coronel01-1.jpg?resize=800%2C445&amp;ssl=1 800w, https:\/\/i0.wp.com\/cdnoticias.com\/wp-content\/uploads\/2021\/11\/coronel01-1.jpg?w=1599&amp;ssl=1 1599w\" sizes=\"auto, (max-width: 800px) 100vw, 800px\" \/><\/p>\n<p>&nbsp;<\/p>\n<p><em><strong>Un extracto<\/strong><\/em><\/p>\n<p>&nbsp;<\/p>\n<p>Estos temas, y otros m\u00e1s de la actualidad del \u00e1mbito pol\u00edtico local, se publicaron en la edici\u00f3n de este domingo del\u00a0<strong>newsletter\u00a0Volver a las Fuentes<\/strong>\u00a0\u2013en esta edici\u00f3n,\u00a0<strong>\u201cLos verdaderos protagonistas de las elecciones\u201d<\/strong>\u00a0\u2013 que escriben semanalmente\u00a0<strong>Alexis Grierson\u00a0y\u00a0Josefina Bargas<\/strong>.<\/p>\n<p>&nbsp;<\/p>\n<p>La publicaci\u00f3n es gratuita, sale todos los domingos a la ma\u00f1ana.<a href=\"https:\/\/mailchi.mp\/7cc1cdb9cf4a\/los-verdaderos-protagonistas-de-las-elecciones?e=e4ffb04d40\" target=\"_blank\" rel=\"noopener\">\u00a0La\u00a0edici\u00f3n completa ac\u00e1<\/a>\u00a0y la\u00a0<a href=\"https:\/\/gmail.us17.list-manage.com\/subscribe?u=cba2a41506a8e26d100c3f0f8&amp;id=63ce583cd9\" target=\"_blank\" rel=\"noopener\">suscripci\u00f3n est\u00e1 abierta aqu\u00ed mediante una direcci\u00f3n de correo electr\u00f3nico<\/a>.<\/p>\n","protected":false},"excerpt":{"rendered":"<p>El triunfo de Juntos fue contundente, pero no cumpli\u00f3 con todas las expectativas. El Frente de Todos fue segundo y<\/p>\n","protected":false},"author":4,"featured_media":38737,"comment_status":"closed","ping_status":"closed","sticky":false,"template":"","format":"standard","meta":{"_jetpack_memberships_contains_paid_content":false,"footnotes":""},"categories":[4,1],"tags":[],"class_list":["post-39358","post","type-post","status-publish","format-standard","has-post-thumbnail","hentry","category-politica","category-portada"],"jetpack_featured_media_url":"https:\/\/i0.wp.com\/cdnoticias.com\/wp-content\/uploads\/2021\/11\/juntos-1.jpg?fit=800%2C445&ssl=1","jetpack_sharing_enabled":true,"_links":{"self":[{"href":"https:\/\/cdnoticias.com\/index.php\/wp-json\/wp\/v2\/posts\/39358","targetHints":{"allow":["GET"]}}],"collection":[{"href":"https:\/\/cdnoticias.com\/index.php\/wp-json\/wp\/v2\/posts"}],"about":[{"href":"https:\/\/cdnoticias.com\/index.php\/wp-json\/wp\/v2\/types\/post"}],"author":[{"embeddable":true,"href":"https:\/\/cdnoticias.com\/index.php\/wp-json\/wp\/v2\/users\/4"}],"replies":[{"embeddable":true,"href":"https:\/\/cdnoticias.com\/index.php\/wp-json\/wp\/v2\/comments?post=39358"}],"version-history":[{"count":0,"href":"https:\/\/cdnoticias.com\/index.php\/wp-json\/wp\/v2\/posts\/39358\/revisions"}],"wp:featuredmedia":[{"embeddable":true,"href":"https:\/\/cdnoticias.com\/index.php\/wp-json\/wp\/v2\/media\/38737"}],"wp:attachment":[{"href":"https:\/\/cdnoticias.com\/index.php\/wp-json\/wp\/v2\/media?parent=39358"}],"wp:term":[{"taxonomy":"category","embeddable":true,"href":"https:\/\/cdnoticias.com\/index.php\/wp-json\/wp\/v2\/categories?post=39358"},{"taxonomy":"post_tag","embeddable":true,"href":"https:\/\/cdnoticias.com\/index.php\/wp-json\/wp\/v2\/tags?post=39358"}],"curies":[{"name":"wp","href":"https:\/\/api.w.org\/{rel}","templated":true}]}}