{"id":39324,"date":"2021-11-20T17:46:38","date_gmt":"2021-11-20T20:46:38","guid":{"rendered":"http:\/\/www.centraldenoticias.com.ar\/?p=39324"},"modified":"2021-11-21T10:08:42","modified_gmt":"2021-11-21T13:08:42","slug":"la-importancia-de-atender-seriamente-los-delitos-en-el-ambito-rural","status":"publish","type":"post","link":"https:\/\/cdnoticias.com\/index.php\/2021\/11\/20\/la-importancia-de-atender-seriamente-los-delitos-en-el-ambito-rural\/","title":{"rendered":"\u201cLa importancia de atender seriamente los delitos en el \u00e1mbito rural\u201d"},"content":{"rendered":"<p>Lo destac\u00f3 el procurador general de la provincia, Julio Conte Grand, en el Foro de Seguridad Rural Nacional realizado en la estancia Santa Dominga. El Departamento Azul, el que m\u00e1s delitos rurales registr\u00f3 en 2020.<\/p>\n<p><!--more--><\/p>\n<hr \/>\n<p>Este s\u00e1bado tuvo lugar en la estancia Santa Dominga de Olavarr\u00eda <strong>el Foro de Seguridad Rural Aregntino que convoc\u00f3 a unos 50 asistentes<\/strong>, entre ellos dirigentes de entidades rurales y productores de numerosos distritos bonaerenses y tambi\u00e9n de otras provincias. La actividad fue organizada por <strong>la Mesa de Seguridad Rural de la Sociedad Rural Argentina<\/strong>, a trav\u00e9s de H\u00e9ctor Fern\u00e1ndez Vieyra y de Alejandro Mend\u00eda, y cont\u00f3 con la participaci\u00f3n del <strong>procurador general de la provincia, Julio Conte Grand<\/strong>.<\/p>\n<p>&nbsp;<\/p>\n<p>El foro fue presidido por el <strong>comisario general retirado Jos\u00e9 Luis Quarleri<\/strong> y cont\u00f3 tambi\u00e9n con la intervenci\u00f3n del <strong>especialista en seguridad y productor rural, Luis Fernando Velasco<\/strong>.<\/p>\n<p>&nbsp;<\/p>\n<p>Tambi\u00e9n estuvieron el <strong>fiscal general del Departamento Judicial de Azul, Marcelo Sobrino<\/strong>, junto a l<strong>os fiscales Lucas Moyano de la UFI N.\u00ba 19 y el ayudante fiscal especializado en delitos rurales Juan Agust\u00edn Ma\u00f1ero, y Adri\u00e1n Peiretti de la UFI N.\u00ba 13<\/strong>, tambi\u00e9n especializada en delitos rurales.<\/p>\n<p>&nbsp;<\/p>\n<p><img data-recalc-dims=\"1\" loading=\"lazy\" decoding=\"async\" class=\"alignnone size-full wp-image-39335\" src=\"https:\/\/i0.wp.com\/cdnoticias.com\/wp-content\/uploads\/2021\/11\/foro-seguridad-rural-04.jpg?resize=800%2C600&#038;ssl=1\" alt=\"\" width=\"800\" height=\"600\" srcset=\"https:\/\/i0.wp.com\/cdnoticias.com\/wp-content\/uploads\/2021\/11\/foro-seguridad-rural-04.jpg?w=800&amp;ssl=1 800w, https:\/\/i0.wp.com\/cdnoticias.com\/wp-content\/uploads\/2021\/11\/foro-seguridad-rural-04.jpg?resize=300%2C225&amp;ssl=1 300w, https:\/\/i0.wp.com\/cdnoticias.com\/wp-content\/uploads\/2021\/11\/foro-seguridad-rural-04.jpg?resize=768%2C576&amp;ssl=1 768w\" sizes=\"auto, (max-width: 800px) 100vw, 800px\" \/><\/p>\n<p><img data-recalc-dims=\"1\" loading=\"lazy\" decoding=\"async\" class=\"alignnone size-full wp-image-39329\" src=\"https:\/\/i0.wp.com\/cdnoticias.com\/wp-content\/uploads\/2021\/11\/foro-seguridad-rural-01.jpg?resize=800%2C445&#038;ssl=1\" alt=\"\" width=\"800\" height=\"445\" srcset=\"https:\/\/i0.wp.com\/cdnoticias.com\/wp-content\/uploads\/2021\/11\/foro-seguridad-rural-01.jpg?w=800&amp;ssl=1 800w, https:\/\/i0.wp.com\/cdnoticias.com\/wp-content\/uploads\/2021\/11\/foro-seguridad-rural-01.jpg?resize=300%2C167&amp;ssl=1 300w, https:\/\/i0.wp.com\/cdnoticias.com\/wp-content\/uploads\/2021\/11\/foro-seguridad-rural-01.jpg?resize=768%2C427&amp;ssl=1 768w\" sizes=\"auto, (max-width: 800px) 100vw, 800px\" \/><\/p>\n<p>&nbsp;<\/p>\n<p>Conte Grand fue uno de los expositores de la jornada y destac\u00f3 su \u201centusiasmo\u201d por la realizaci\u00f3n de este foro. Enfatiz\u00f3 que es la primera vez que se lleva adelante un encuentro de este tipo y se\u00f1al\u00f3 que su intenci\u00f3n es llevar el modelo de la Mesa de Seguridad Rural de la Provincia de Buenos Aires \u201ca todo el pa\u00eds\u201d. <strong>\u201cQuiero manifestar mi emoci\u00f3n personal por ver aqu\u00ed el primer paso de un camino hacia la conformaci\u00f3n de un foro federal con todas las instituciones representadas, del \u00e1mbito p\u00fablico y privado\u201d<\/strong> dijo.<\/p>\n<p>&nbsp;<\/p>\n<p>Plante\u00f3 la necesidad de<strong> \u201cencarar acciones comunes ante las complejidades de lo diverso\u201d<\/strong>, en referencia a dise\u00f1ar pol\u00edticas y medidas de acci\u00f3n que atiendan a los diferentes problemas que se presentan en cada regi\u00f3n por delitos rurales.<\/p>\n<p>&nbsp;<\/p>\n<p>A modo de ejemplo brind\u00f3 detalles de la extensi\u00f3n de la provincia de Buenos Aires y que ello en parte explica \u201cla dificultad para atender, prevenir y resolver los problemas\u201d, aunque consider\u00f3 que <strong>\u201cel principal dato es la heterogeneidad: nada en la provincia de Buenos Aires es igual a lo otro\u201d<\/strong>.<\/p>\n<p>&nbsp;<\/p>\n<p><img data-recalc-dims=\"1\" loading=\"lazy\" decoding=\"async\" class=\"alignnone size-full wp-image-39334\" src=\"https:\/\/i0.wp.com\/cdnoticias.com\/wp-content\/uploads\/2021\/11\/foro-seguridad-rural-03a.jpg?resize=800%2C445&#038;ssl=1\" alt=\"\" width=\"800\" height=\"445\" srcset=\"https:\/\/i0.wp.com\/cdnoticias.com\/wp-content\/uploads\/2021\/11\/foro-seguridad-rural-03a.jpg?w=800&amp;ssl=1 800w, https:\/\/i0.wp.com\/cdnoticias.com\/wp-content\/uploads\/2021\/11\/foro-seguridad-rural-03a.jpg?resize=300%2C167&amp;ssl=1 300w, https:\/\/i0.wp.com\/cdnoticias.com\/wp-content\/uploads\/2021\/11\/foro-seguridad-rural-03a.jpg?resize=768%2C427&amp;ssl=1 768w\" sizes=\"auto, (max-width: 800px) 100vw, 800px\" \/><\/p>\n<p><img data-recalc-dims=\"1\" loading=\"lazy\" decoding=\"async\" class=\"alignnone size-full wp-image-39332\" src=\"https:\/\/i0.wp.com\/cdnoticias.com\/wp-content\/uploads\/2021\/11\/foro-seguridad-rural-02.jpg?resize=800%2C445&#038;ssl=1\" alt=\"\" width=\"800\" height=\"445\" srcset=\"https:\/\/i0.wp.com\/cdnoticias.com\/wp-content\/uploads\/2021\/11\/foro-seguridad-rural-02.jpg?w=800&amp;ssl=1 800w, https:\/\/i0.wp.com\/cdnoticias.com\/wp-content\/uploads\/2021\/11\/foro-seguridad-rural-02.jpg?resize=300%2C167&amp;ssl=1 300w, https:\/\/i0.wp.com\/cdnoticias.com\/wp-content\/uploads\/2021\/11\/foro-seguridad-rural-02.jpg?resize=768%2C427&amp;ssl=1 768w\" sizes=\"auto, (max-width: 800px) 100vw, 800px\" \/><\/p>\n<p>&nbsp;<\/p>\n<p>En ese punto coment\u00f3 aspectos que hacen al servicio de justicia provincial y puntualmente al Ministerio P\u00fablico Fiscal. <strong>El Departamento Judicial de Azul es el m\u00e1s grande en extensi\u00f3n territorial de la provincia<\/strong>, aunque el que presenta mayor \u00edndice delictual es de Lomas de Zamora. Dentro de Departamento Azul se ubican los distritos de <strong>Olavarr\u00eda, Azul y Tandil: \u201cla pol\u00edtica criminal a dise\u00f1ar en cada uno es diferente\u201d<\/strong> dijo para se\u00f1alar las caracter\u00edsticas demogr\u00e1ficas, sociales y econ\u00f3micas de cada municipio y concluir en que \u201clo que tienen en com\u00fan es la extensi\u00f3n rural\u201d.<\/p>\n<p>&nbsp;<\/p>\n<blockquote><p>Con ello Conte Grand remarc\u00f3 \u201cla importancia de atender seriamente los delitos en el \u00e1mbito rural\u201d y m\u00e1s adelante mencion\u00f3 que a partir de su gesti\u00f3n, iniciada en diciembre de 2016, el Ministerio P\u00fablico Fiscal (MPF) se integr\u00f3 a la Mesa de Seguridad Rural provincial.<\/p><\/blockquote>\n<p>&nbsp;<\/p>\n<p>El Procurador inform\u00f3 que recibe habitualmente pedidos de crear unidades fiscales especializadas en distintos temas, y uno de ellos es el de delitos rurales. Indic\u00f3 que para ello tiene \u201climitaciones de recursos, de personal y de presupuesto\u201d. No obstante, sostuvo que <strong>se brindan capacitaciones a los fiscales para que tengan la especializaci\u00f3n, aunque no la exclusividad<\/strong>.<\/p>\n<p><img data-recalc-dims=\"1\" loading=\"lazy\" decoding=\"async\" class=\"size-full wp-image-39331 aligncenter\" src=\"https:\/\/i0.wp.com\/cdnoticias.com\/wp-content\/uploads\/2021\/11\/foro-seguridad-rural-01b.jpg?resize=800%2C445&#038;ssl=1\" alt=\"\" width=\"800\" height=\"445\" srcset=\"https:\/\/i0.wp.com\/cdnoticias.com\/wp-content\/uploads\/2021\/11\/foro-seguridad-rural-01b.jpg?w=800&amp;ssl=1 800w, https:\/\/i0.wp.com\/cdnoticias.com\/wp-content\/uploads\/2021\/11\/foro-seguridad-rural-01b.jpg?resize=300%2C167&amp;ssl=1 300w, https:\/\/i0.wp.com\/cdnoticias.com\/wp-content\/uploads\/2021\/11\/foro-seguridad-rural-01b.jpg?resize=768%2C427&amp;ssl=1 768w\" sizes=\"auto, (max-width: 800px) 100vw, 800px\" \/><\/p>\n<p><img data-recalc-dims=\"1\" loading=\"lazy\" decoding=\"async\" class=\"size-full wp-image-39333 aligncenter\" src=\"https:\/\/i0.wp.com\/cdnoticias.com\/wp-content\/uploads\/2021\/11\/foro-seguridad-rural-03.jpg?resize=800%2C445&#038;ssl=1\" alt=\"\" width=\"800\" height=\"445\" srcset=\"https:\/\/i0.wp.com\/cdnoticias.com\/wp-content\/uploads\/2021\/11\/foro-seguridad-rural-03.jpg?w=800&amp;ssl=1 800w, https:\/\/i0.wp.com\/cdnoticias.com\/wp-content\/uploads\/2021\/11\/foro-seguridad-rural-03.jpg?resize=300%2C167&amp;ssl=1 300w, https:\/\/i0.wp.com\/cdnoticias.com\/wp-content\/uploads\/2021\/11\/foro-seguridad-rural-03.jpg?resize=768%2C427&amp;ssl=1 768w\" sizes=\"auto, (max-width: 800px) 100vw, 800px\" \/><\/p>\n<p>&nbsp;<\/p>\n<blockquote><p>Actualmente se cuentan fiscal\u00edas exclusivas y especializadas en delitos rurales en el Departamento Azul en la UFI 19 de Olavarr\u00eda que tambi\u00e9n cubre la jurisdicci\u00f3n de Laprida y Lamadrid, la UFI 13 de Azul que abarca tambi\u00e9n a Las Flores y Tapalqu\u00e9 y la UFI 18 de Tandil. Tambi\u00e9n existen dependencias del mismo tipo en Bah\u00eda Blanca, Dlores, Mar del Plata, Necochea, Pergamino y San Nicol\u00e1s.<\/p><\/blockquote>\n<p>&nbsp;<\/p>\n<p>M\u00e1s adelante se refiri\u00f3 a la importancia de generar estad\u00edsticas propias y las medidas que ha tomado en ese sentido. Inform\u00f3 que <strong>en 2020 en todo el territorio bonaerense se iniciaron 2.696 Investigaciones Penales Preparatorias (IPP) por delitos rurales<\/strong>. La mayor\u00eda de ellos fueron por delitos contra la propiedad.<\/p>\n<p>&nbsp;<\/p>\n<p><img data-recalc-dims=\"1\" loading=\"lazy\" decoding=\"async\" class=\"alignnone size-full wp-image-39330\" src=\"https:\/\/i0.wp.com\/cdnoticias.com\/wp-content\/uploads\/2021\/11\/foro-seguridad-rural-01a.jpg?resize=800%2C445&#038;ssl=1\" alt=\"\" width=\"800\" height=\"445\" srcset=\"https:\/\/i0.wp.com\/cdnoticias.com\/wp-content\/uploads\/2021\/11\/foro-seguridad-rural-01a.jpg?w=800&amp;ssl=1 800w, https:\/\/i0.wp.com\/cdnoticias.com\/wp-content\/uploads\/2021\/11\/foro-seguridad-rural-01a.jpg?resize=300%2C167&amp;ssl=1 300w, https:\/\/i0.wp.com\/cdnoticias.com\/wp-content\/uploads\/2021\/11\/foro-seguridad-rural-01a.jpg?resize=768%2C427&amp;ssl=1 768w\" sizes=\"auto, (max-width: 800px) 100vw, 800px\" \/><\/p>\n<p>&nbsp;<\/p>\n<blockquote><p>En cuanto a la distribuci\u00f3n territorial de los delitos rurales, en el Departamento Azul se iniciaron 367 IPP -12,3% del total del a\u00f1o-, en La Plata fueron 363, en Bah\u00eda Blanca comenzaron 235 investigaciones y en Mercedes 205.<\/p><\/blockquote>\n<p>&nbsp;<\/p>\n<p><strong>Consider\u00f3 \u201cclave la capacitaci\u00f3n del personal\u201d<\/strong> y con ello el doctor Conte Grand detall\u00f3 los cursos que se han dictado para el personal desde 2017 en adelante vinculados con la tem\u00e1tica de delitos rurales. \u201cMi aspiraci\u00f3n es hacer capacitaciones integrales para el personal del MPF con llegada a todos\u201d, m\u00e1s all\u00e1 de que tengan dedicaci\u00f3n exclusiva al \u00e1rea o no.<\/p>\n<p>&nbsp;<\/p>\n<p><img data-recalc-dims=\"1\" loading=\"lazy\" decoding=\"async\" class=\"size-full wp-image-39327 aligncenter\" src=\"https:\/\/i0.wp.com\/cdnoticias.com\/wp-content\/uploads\/2021\/11\/foro-seguridad-rural-00.jpg?resize=800%2C445&#038;ssl=1\" alt=\"\" width=\"800\" height=\"445\" srcset=\"https:\/\/i0.wp.com\/cdnoticias.com\/wp-content\/uploads\/2021\/11\/foro-seguridad-rural-00.jpg?w=800&amp;ssl=1 800w, https:\/\/i0.wp.com\/cdnoticias.com\/wp-content\/uploads\/2021\/11\/foro-seguridad-rural-00.jpg?resize=300%2C167&amp;ssl=1 300w, https:\/\/i0.wp.com\/cdnoticias.com\/wp-content\/uploads\/2021\/11\/foro-seguridad-rural-00.jpg?resize=768%2C427&amp;ssl=1 768w\" sizes=\"auto, (max-width: 800px) 100vw, 800px\" \/><\/p>\n<p>&nbsp;<\/p>\n<p>Tambi\u00e9n como objetivos de su gesti\u00f3n, se plante\u00f3 \u201cpropiciar la relaci\u00f3n con el medio\u201d a trav\u00e9s de <strong>v\u00ednculos con las instituciones<\/strong> y avanzar en el desarrollo tecnol\u00f3gico.<\/p>\n<p>&nbsp;<\/p>\n<p>Por \u00faltimo, reiter\u00f3 la importancia de la realizaci\u00f3n del foro nacional y expuso como <strong>objetivos a largo plazo de esta instancia<\/strong> \u201cdise\u00f1ar proyectos para reformas legislativas regionales o nacionales\u201d, tener estad\u00edsticas confiables y mejorar la confiabilidad del sistema de seguridad y justicia y sus instituciones.<\/p>\n<p><img data-recalc-dims=\"1\" loading=\"lazy\" decoding=\"async\" class=\"size-full wp-image-39336 aligncenter\" src=\"https:\/\/i0.wp.com\/cdnoticias.com\/wp-content\/uploads\/2021\/11\/foro-seguridad-rural-05.jpg?resize=800%2C445&#038;ssl=1\" alt=\"\" width=\"800\" height=\"445\" srcset=\"https:\/\/i0.wp.com\/cdnoticias.com\/wp-content\/uploads\/2021\/11\/foro-seguridad-rural-05.jpg?w=800&amp;ssl=1 800w, https:\/\/i0.wp.com\/cdnoticias.com\/wp-content\/uploads\/2021\/11\/foro-seguridad-rural-05.jpg?resize=300%2C167&amp;ssl=1 300w, https:\/\/i0.wp.com\/cdnoticias.com\/wp-content\/uploads\/2021\/11\/foro-seguridad-rural-05.jpg?resize=768%2C427&amp;ssl=1 768w\" sizes=\"auto, (max-width: 800px) 100vw, 800px\" \/><\/p>\n","protected":false},"excerpt":{"rendered":"<p>Lo destac\u00f3 el procurador general de la provincia, Julio Conte Grand, en el Foro de Seguridad Rural Nacional realizado en<\/p>\n","protected":false},"author":4,"featured_media":39328,"comment_status":"closed","ping_status":"closed","sticky":false,"template":"","format":"standard","meta":{"_jetpack_memberships_contains_paid_content":false,"footnotes":""},"categories":[5,1],"tags":[],"class_list":["post-39324","post","type-post","status-publish","format-standard","has-post-thumbnail","hentry","category-informacion-general","category-portada"],"jetpack_featured_media_url":"https:\/\/i0.wp.com\/cdnoticias.com\/wp-content\/uploads\/2021\/11\/foro-seguridad-rural-00a.jpg?fit=800%2C445&ssl=1","jetpack_sharing_enabled":true,"_links":{"self":[{"href":"https:\/\/cdnoticias.com\/index.php\/wp-json\/wp\/v2\/posts\/39324","targetHints":{"allow":["GET"]}}],"collection":[{"href":"https:\/\/cdnoticias.com\/index.php\/wp-json\/wp\/v2\/posts"}],"about":[{"href":"https:\/\/cdnoticias.com\/index.php\/wp-json\/wp\/v2\/types\/post"}],"author":[{"embeddable":true,"href":"https:\/\/cdnoticias.com\/index.php\/wp-json\/wp\/v2\/users\/4"}],"replies":[{"embeddable":true,"href":"https:\/\/cdnoticias.com\/index.php\/wp-json\/wp\/v2\/comments?post=39324"}],"version-history":[{"count":0,"href":"https:\/\/cdnoticias.com\/index.php\/wp-json\/wp\/v2\/posts\/39324\/revisions"}],"wp:featuredmedia":[{"embeddable":true,"href":"https:\/\/cdnoticias.com\/index.php\/wp-json\/wp\/v2\/media\/39328"}],"wp:attachment":[{"href":"https:\/\/cdnoticias.com\/index.php\/wp-json\/wp\/v2\/media?parent=39324"}],"wp:term":[{"taxonomy":"category","embeddable":true,"href":"https:\/\/cdnoticias.com\/index.php\/wp-json\/wp\/v2\/categories?post=39324"},{"taxonomy":"post_tag","embeddable":true,"href":"https:\/\/cdnoticias.com\/index.php\/wp-json\/wp\/v2\/tags?post=39324"}],"curies":[{"name":"wp","href":"https:\/\/api.w.org\/{rel}","templated":true}]}}