{"id":39300,"date":"2021-11-20T11:30:33","date_gmt":"2021-11-20T14:30:33","guid":{"rendered":"http:\/\/www.centraldenoticias.com.ar\/?p=39300"},"modified":"2021-11-20T11:02:38","modified_gmt":"2021-11-20T14:02:38","slug":"la-recaudacion-impositiva-bonaerense-crecio-708-interanual-en-octubre","status":"publish","type":"post","link":"https:\/\/cdnoticias.com\/index.php\/2021\/11\/20\/la-recaudacion-impositiva-bonaerense-crecio-708-interanual-en-octubre\/","title":{"rendered":"La recaudaci\u00f3n impositiva bonaerense creci\u00f3 70,8% interanual en octubre"},"content":{"rendered":"<p>El titular de Arba, Cristian Girard, sostuvo que la mejora se sustenta en las medidas de administraci\u00f3n tributaria y el crecimiento de la econom\u00eda.<!--more--><\/p>\n<hr \/>\n<p><strong>Los ingresos propios de la provincia de Buenos Aires alcanzaron en octubre a $70.356,6 millones, con un incremento interanual de 70,8%,<\/strong> inform\u00f3 la Agencia de Recaudaci\u00f3n de Buenos Aires (ARBA).<\/p>\n<p>&nbsp;<\/p>\n<blockquote><p>Al explicar el aumento de los ingresos bonaerenses, el director de ARBA, Cristian Girard, se\u00f1al\u00f3 que \u201cla mejora se sustenta en dos factores principales: por un lado, el efecto positivo de las medidas de administraci\u00f3n tributaria que pusimos en marcha para favorecer la recuperaci\u00f3n de los sectores productivos, as\u00ed como de peque\u00f1os y medianos contribuyentes; y por otro, el creciente dinamismo de la econom\u00eda local\u201d.<\/p><\/blockquote>\n<p>&nbsp;<\/p>\n<blockquote class=\"twitter-tweet\">\n<p dir=\"ltr\" lang=\"es\">En octubre la recaudaci\u00f3n creci\u00f3 un +70,8%, en clara sinton\u00eda con la reactivaci\u00f3n productiva bonaerense. Desde ARBA trabajamos para contribuir en la recuperaci\u00f3n tomando medidas de alivio desde el inicio de la pandemia. De hecho, fuimos la jurisdicci\u00f3n que m\u00e1s medidas tom\u00f3. <a href=\"https:\/\/t.co\/hKnZAsnl6t\">pic.twitter.com\/hKnZAsnl6t<\/a><\/p>\n<p>\u2014 Cristian Girard (@cristiangirard) <a href=\"https:\/\/twitter.com\/cristiangirard\/status\/1461676818084339713?ref_src=twsrc%5Etfw\">November 19, 2021<\/a><\/p><\/blockquote>\n<p><script async src=\"https:\/\/platform.twitter.com\/widgets.js\" charset=\"utf-8\"><\/script><\/p>\n<p>&nbsp;<\/p>\n<p>\u201cLa econom\u00eda bonaerense se encuentra en un camino de recuperaci\u00f3n luego del delicado contexto que produjo la pandemia. Y <strong>desde ARBA venimos favoreciendo y acompa\u00f1ando esa reactivaci\u00f3n<\/strong>, a trav\u00e9s de diferentes acciones orientadas a mejorar la progresividad y beneficiar a contribuyentes de ingresos bajos y medios\u201d, agreg\u00f3 el funcionario en un comunicado.<\/p>\n<p>&nbsp;<\/p>\n<p>En ese sentido, subray\u00f3 que de forma paulatina <strong>se ha normalizado la situaci\u00f3n de las y los contribuyentes y mejorado su nivel de cumplimiento<\/strong>, \u201ctanto por el fuerte avance en la simplificaci\u00f3n tributaria como por la reducci\u00f3n de la carga impositiva y financiera de pymes, comercios, profesionales, cuentapropistas y microempresas\u201d.<\/p>\n<p>&nbsp;<\/p>\n<p><img data-recalc-dims=\"1\" loading=\"lazy\" decoding=\"async\" class=\"size-large wp-image-39301 aligncenter\" src=\"https:\/\/i0.wp.com\/cdnoticias.com\/wp-content\/uploads\/2021\/11\/arba-recaudacion.jpg?resize=800%2C445&#038;ssl=1\" alt=\"\" width=\"800\" height=\"445\" srcset=\"https:\/\/i0.wp.com\/cdnoticias.com\/wp-content\/uploads\/2021\/11\/arba-recaudacion.jpg?resize=1024%2C570&amp;ssl=1 1024w, https:\/\/i0.wp.com\/cdnoticias.com\/wp-content\/uploads\/2021\/11\/arba-recaudacion.jpg?resize=300%2C167&amp;ssl=1 300w, https:\/\/i0.wp.com\/cdnoticias.com\/wp-content\/uploads\/2021\/11\/arba-recaudacion.jpg?resize=768%2C428&amp;ssl=1 768w, https:\/\/i0.wp.com\/cdnoticias.com\/wp-content\/uploads\/2021\/11\/arba-recaudacion.jpg?resize=800%2C445&amp;ssl=1 800w, https:\/\/i0.wp.com\/cdnoticias.com\/wp-content\/uploads\/2021\/11\/arba-recaudacion.jpg?w=1280&amp;ssl=1 1280w\" sizes=\"auto, (max-width: 800px) 100vw, 800px\" \/><\/p>\n<p>&nbsp;<\/p>\n<p>Girard explic\u00f3 que \u201ca la par de estas mejoras, <strong>reconfiguramos la labor de fiscalizaci\u00f3n y control a la evasi\u00f3n<\/strong>, que se enfoc\u00f3 centralmente en los sectores de mayor capacidad contributiva, y logramos una mayor progresividad fiscal a trav\u00e9s de las leyes impositivas de 2020 y 2021. Ese conjunto de acciones y medidas redund\u00f3 en una mejora en la recaudaci\u00f3n\u201d, destac\u00f3.<\/p>\n<p>&nbsp;<\/p>\n<blockquote><p>Adem\u00e1s, el titular de ARBA resalt\u00f3 que \u201clas iniciativas de acompa\u00f1amiento y ayuda dispuestas por el gobernador Axel Kicillof durante la pandemia generaron beneficios y consolidaron la reactivaci\u00f3n. Esa mejora de la econom\u00eda tuvo su impacto en tributos como Ingresos Brutos y Sellos, ligados a la actividad, y fue determinante para que la recaudaci\u00f3n bonaerense crezca en t\u00e9rminos reales casi un 13% en octubre\u201d.<\/p><\/blockquote>\n<p>&nbsp;<\/p>\n<p><img data-recalc-dims=\"1\" loading=\"lazy\" decoding=\"async\" class=\"size-full wp-image-22237 aligncenter\" src=\"https:\/\/i0.wp.com\/cdnoticias.com\/wp-content\/uploads\/2021\/05\/arba-Girard-kicillof.jpg?resize=800%2C445&#038;ssl=1\" alt=\"\" width=\"800\" height=\"445\" srcset=\"https:\/\/i0.wp.com\/cdnoticias.com\/wp-content\/uploads\/2021\/05\/arba-Girard-kicillof.jpg?w=800&amp;ssl=1 800w, https:\/\/i0.wp.com\/cdnoticias.com\/wp-content\/uploads\/2021\/05\/arba-Girard-kicillof.jpg?resize=300%2C167&amp;ssl=1 300w, https:\/\/i0.wp.com\/cdnoticias.com\/wp-content\/uploads\/2021\/05\/arba-Girard-kicillof.jpg?resize=768%2C427&amp;ssl=1 768w\" sizes=\"auto, (max-width: 800px) 100vw, 800px\" \/><\/p>\n<p>&nbsp;<\/p>\n<p>Durante ese mes<strong> el Impuesto sobre los Ingresos Brutos totaliz\u00f3 $55.248,7 millones y aument\u00f3 77,4%<\/strong>, sustentado en un creciente nivel de ventas; y medida en t\u00e9rminos reales, esa suba interanual se ubic\u00f3 en torno del 17% si se considera la evoluci\u00f3n de los precios dom\u00e9sticos.<\/p>\n<p>&nbsp;<\/p>\n<p>La reactivaci\u00f3n tambi\u00e9n impact\u00f3 en el <strong>Impuesto de Sellos<\/strong>, que recaud\u00f3 en octubre $6.229,5 millones; con un incremento del 63,3% interanual motorizado por una mayor din\u00e1mica del consumo.<\/p>\n<p>&nbsp;<\/p>\n<p>Fuente: <em>Agencia DIB<\/em><\/p>\n","protected":false},"excerpt":{"rendered":"<p>El titular de Arba, Cristian Girard, sostuvo que la mejora se sustenta en las medidas de administraci\u00f3n tributaria y el<\/p>\n","protected":false},"author":4,"featured_media":12852,"comment_status":"closed","ping_status":"closed","sticky":false,"template":"","format":"standard","meta":{"_jetpack_memberships_contains_paid_content":false,"footnotes":""},"categories":[6,1],"tags":[],"class_list":["post-39300","post","type-post","status-publish","format-standard","has-post-thumbnail","hentry","category-nacionales","category-portada"],"jetpack_featured_media_url":"https:\/\/i0.wp.com\/cdnoticias.com\/wp-content\/uploads\/2021\/02\/ARBA-Girard_Recaudaci%C3%B3n_Anual.jpg?fit=2992%2C2000&ssl=1","jetpack_sharing_enabled":true,"_links":{"self":[{"href":"https:\/\/cdnoticias.com\/index.php\/wp-json\/wp\/v2\/posts\/39300","targetHints":{"allow":["GET"]}}],"collection":[{"href":"https:\/\/cdnoticias.com\/index.php\/wp-json\/wp\/v2\/posts"}],"about":[{"href":"https:\/\/cdnoticias.com\/index.php\/wp-json\/wp\/v2\/types\/post"}],"author":[{"embeddable":true,"href":"https:\/\/cdnoticias.com\/index.php\/wp-json\/wp\/v2\/users\/4"}],"replies":[{"embeddable":true,"href":"https:\/\/cdnoticias.com\/index.php\/wp-json\/wp\/v2\/comments?post=39300"}],"version-history":[{"count":0,"href":"https:\/\/cdnoticias.com\/index.php\/wp-json\/wp\/v2\/posts\/39300\/revisions"}],"wp:featuredmedia":[{"embeddable":true,"href":"https:\/\/cdnoticias.com\/index.php\/wp-json\/wp\/v2\/media\/12852"}],"wp:attachment":[{"href":"https:\/\/cdnoticias.com\/index.php\/wp-json\/wp\/v2\/media?parent=39300"}],"wp:term":[{"taxonomy":"category","embeddable":true,"href":"https:\/\/cdnoticias.com\/index.php\/wp-json\/wp\/v2\/categories?post=39300"},{"taxonomy":"post_tag","embeddable":true,"href":"https:\/\/cdnoticias.com\/index.php\/wp-json\/wp\/v2\/tags?post=39300"}],"curies":[{"name":"wp","href":"https:\/\/api.w.org\/{rel}","templated":true}]}}