{"id":3928,"date":"2020-10-14T15:33:01","date_gmt":"2020-10-14T18:33:01","guid":{"rendered":"http:\/\/www.centraldenoticias.com.ar\/?p=3928"},"modified":"2020-10-14T18:20:45","modified_gmt":"2020-10-14T21:20:45","slug":"el-acampe-no-se-detiene-ni-un-dia-se-enfatizo-desde-la-mesa-de-emergencia","status":"publish","type":"post","link":"https:\/\/cdnoticias.com\/index.php\/2020\/10\/14\/el-acampe-no-se-detiene-ni-un-dia-se-enfatizo-desde-la-mesa-de-emergencia\/","title":{"rendered":"\u201cEl acampe no se detiene ni un d\u00eda\u201d, se enfatiz\u00f3 desde la Mesa de Emergencia"},"content":{"rendered":"<p>La declaraci\u00f3n fue realizada en una comunicaci\u00f3n en la que se detallaron la continuidad de las actividades enmarcadas en la protesta por respuestas habitacionales para un grupo de familias locales.<\/p>\n<p><!--more--><\/p>\n<hr \/>\n<p>Permanece la <a href=\"https:\/\/cdnoticias.com\/index.php\/2020\/10\/08\/la-mesa-de-emergencia-llevo-el-reclamo-de-viviendas-a-la-sesion-del-hcd\/\">protesta por soluciones habitacionales para familias locales<\/a>, que es realizada desde la Mesa de Emergencia local, con la colaboraciones de varias agrupaciones y entidades de nuestra ciudad. Seg\u00fan se detall\u00f3 en las \u00faltimas horas, <strong>adem\u00e1s de la permanencia frente al Palacio Municipal, fueron anunciadas otras actividades enmarcadas en la continuidad del reclamo<\/strong>.<\/p>\n<p>&nbsp;<\/p>\n<blockquote><p>\u201cResulta que existe una ley, la 14449, que vela por el acceso a una vivienda digna, donde los representantes del Estado, debieran ser garantes sin embargo, aqu\u00ed estamos\u201d<\/p><\/blockquote>\n<p>&nbsp;<\/p>\n<p>Vale recordar que el \u00faltimo fin de semana se llev\u00f3 a cabo una <a href=\"https:\/\/cdnoticias.com\/index.php\/2020\/10\/11\/la-segunda-asamblea-de-la-mesa-de-emergencia-sumo-asistentes-y-redoblo-compromisos\/\">asamblea de la que tomaron parte decenas de personas<\/a>. En la misma se acordaron distintas actividades a desarrollar en la presente semana. <strong>\u201cLas actividades surgen de distintos actorxs de la ciudad Incentivadxs por el trabajo mancomunado de las familias apostadas en las carpas frente a la municipalidad, que son hoy un s\u00edmbolo de exigencia de acceso a nuestros derechos\u201d<\/strong>, se explic\u00f3.<\/p>\n<p>&nbsp;<\/p>\n<p><strong>\u201cEl acampe no se detiene ni un d\u00eda, no nos quedamos de brazos cruzados esperando respuestas\u00a0 avanzamos, como este lunes que comenzamos a entregar folletos a todos las personas que a diario circulan por el paseo Jes\u00fas Mend\u00eda\u201d<\/strong>, se narr\u00f3 en una comunicado enviado a los medios en la jornada de este martes. Se a\u00f1adi\u00f3 que en la folleter\u00eda se \u201cinforma sobre nuestros pedidos y el alcance de la implementaci\u00f3n de la ley\u201d.<\/p>\n<p>&nbsp;<\/p>\n<p><img data-recalc-dims=\"1\" loading=\"lazy\" decoding=\"async\" class=\"alignnone size-full wp-image-3648\" src=\"https:\/\/i0.wp.com\/cdnoticias.com\/wp-content\/uploads\/2020\/10\/asamblea04.jpg?resize=717%2C509&#038;ssl=1\" alt=\"\" width=\"717\" height=\"509\" srcset=\"https:\/\/i0.wp.com\/cdnoticias.com\/wp-content\/uploads\/2020\/10\/asamblea04.jpg?w=717&amp;ssl=1 717w, https:\/\/i0.wp.com\/cdnoticias.com\/wp-content\/uploads\/2020\/10\/asamblea04.jpg?resize=300%2C213&amp;ssl=1 300w\" sizes=\"auto, (max-width: 717px) 100vw, 717px\" \/><\/p>\n<p>&nbsp;<\/p>\n<p><strong>\u201cEl martes las hijas e hijos de las madres que acompa\u00f1an el acampe recibieron apoyo escolar, porque la educaci\u00f3n es una herramienta de transformaci\u00f3n que no merece desprestigio. Para continuar, en la tarde de hoy, mi\u00e9rcoles 14, desde las 18 horas, nos encontraremos para llevar a cabo una jornada de renovaci\u00f3n de carteler\u00eda, que es nuestra voz frente a quienes pasan y se preguntan, \u00bfQu\u00e9 hacemos aqu\u00ed? ,\u00bfPorque estamos aqu\u00ed?\u201d<\/strong>, se relat\u00f3.<\/p>\n<p>&nbsp;<\/p>\n<p>Por \u00faltimo, se invit\u00f3 a los interesados a no s\u00f3lo acercarse al centro local, sino tambi\u00e9n a seguir las novedades y actividades en la <a href=\"https:\/\/www.facebook.com\/mesaemergenciasolavarria\">redes sociales de la Mesa de Emergencia<\/a>. <strong>\u201cTengan siempre presente que las actividades emprendidas est\u00e1n totalmente abiertas al p\u00fablico que desee sumarse. Los esperamos\u201d<\/strong>, concluyeron.<\/p>\n","protected":false},"excerpt":{"rendered":"<p>La declaraci\u00f3n fue realizada en una comunicaci\u00f3n en la que se detallaron la continuidad de las actividades enmarcadas en la<\/p>\n","protected":false},"author":3,"featured_media":3680,"comment_status":"closed","ping_status":"closed","sticky":false,"template":"","format":"standard","meta":{"_jetpack_memberships_contains_paid_content":false,"footnotes":""},"categories":[5,1],"tags":[],"class_list":["post-3928","post","type-post","status-publish","format-standard","has-post-thumbnail","hentry","category-informacion-general","category-portada"],"jetpack_featured_media_url":"https:\/\/i0.wp.com\/cdnoticias.com\/wp-content\/uploads\/2020\/10\/Mesa-de-emergencia-asamblea-2.jpeg?fit=992%2C504&ssl=1","jetpack_sharing_enabled":true,"_links":{"self":[{"href":"https:\/\/cdnoticias.com\/index.php\/wp-json\/wp\/v2\/posts\/3928","targetHints":{"allow":["GET"]}}],"collection":[{"href":"https:\/\/cdnoticias.com\/index.php\/wp-json\/wp\/v2\/posts"}],"about":[{"href":"https:\/\/cdnoticias.com\/index.php\/wp-json\/wp\/v2\/types\/post"}],"author":[{"embeddable":true,"href":"https:\/\/cdnoticias.com\/index.php\/wp-json\/wp\/v2\/users\/3"}],"replies":[{"embeddable":true,"href":"https:\/\/cdnoticias.com\/index.php\/wp-json\/wp\/v2\/comments?post=3928"}],"version-history":[{"count":0,"href":"https:\/\/cdnoticias.com\/index.php\/wp-json\/wp\/v2\/posts\/3928\/revisions"}],"wp:featuredmedia":[{"embeddable":true,"href":"https:\/\/cdnoticias.com\/index.php\/wp-json\/wp\/v2\/media\/3680"}],"wp:attachment":[{"href":"https:\/\/cdnoticias.com\/index.php\/wp-json\/wp\/v2\/media?parent=3928"}],"wp:term":[{"taxonomy":"category","embeddable":true,"href":"https:\/\/cdnoticias.com\/index.php\/wp-json\/wp\/v2\/categories?post=3928"},{"taxonomy":"post_tag","embeddable":true,"href":"https:\/\/cdnoticias.com\/index.php\/wp-json\/wp\/v2\/tags?post=3928"}],"curies":[{"name":"wp","href":"https:\/\/api.w.org\/{rel}","templated":true}]}}