{"id":39272,"date":"2021-11-19T20:36:43","date_gmt":"2021-11-19T23:36:43","guid":{"rendered":"http:\/\/www.centraldenoticias.com.ar\/?p=39272"},"modified":"2021-11-20T09:20:14","modified_gmt":"2021-11-20T12:20:14","slug":"mucho-calor-pero-tambien-posibles-lluvias-durante-el-fin-de-semana-largo","status":"publish","type":"post","link":"https:\/\/cdnoticias.com\/index.php\/2021\/11\/19\/mucho-calor-pero-tambien-posibles-lluvias-durante-el-fin-de-semana-largo\/","title":{"rendered":"Mucho calor, pero tambi\u00e9n posibles lluvias durante el fin de semana largo"},"content":{"rendered":"<p>El pron\u00f3stico extendido anticipa temperaturas por encima de los 30\u00b0, pero tambi\u00e9n probabilidad de precipitaciones. El detalle.<!--more--><\/p>\n<hr \/>\n<p>En los \u00faltimos d\u00edas la temperatura ha ido en aumento en la ciudad y durante el fin de semana venidero parece que se prolongar\u00e1 esa tendencia. No obstante ello,<strong> el pron\u00f3stico extendido del Servicio Meteorol\u00f3gico Nacional tambi\u00e9n advierte de posibles precipitaciones<\/strong>.<\/p>\n<p>&nbsp;<\/p>\n<p>Este viernes, seg\u00fan datos de la Estaci\u00f3n Meteorol\u00f3gica local,<strong> la m\u00e1xima registrada fue de 24.5\u00b0 a las 15:15<\/strong>. La m\u00ednima, fue de 9.5\u00b0 a las 4:50 de la madrugada. Para lo que resta de la jornada se prev\u00e9 que la temperatura baje hasta los 19 grados.<\/p>\n<p>&nbsp;<\/p>\n<p>Para este s\u00e1bado se prev\u00e9 una <strong>m\u00ednima de 11\u00b0 durante la madrugada, pero una m\u00e1xima de 30\u00b0 en la tarde<\/strong>. El dato a tener en cuenta es que tambi\u00e9n para la tarde rige una probabilidad de tormentas aisladas que se prolonga hasta la noche inclusive.<\/p>\n<p>&nbsp;<\/p>\n<p>El domingo ser\u00e1 mucho m\u00e1s elevado en los registros. Tal es as\u00ed que la<strong> m\u00ednima fue ubicada en 17\u00b0 y 34\u00b0 la m\u00e1xima<\/strong>. A la par, no hay mayores probabilidades que se registren precipitaciones.<\/p>\n<p>&nbsp;<\/p>\n<p>El lunes, teniendo en cuenta que ser\u00e1 feriado con motivo del D\u00eda de la Soberan\u00eda Nacional, se esperan <strong>valores entre 15 y 31 grados, aunque tambi\u00e9n podr\u00edan darse fuertes vientos durante el inicio de la jornada. \u00a0<\/strong><\/p>\n","protected":false},"excerpt":{"rendered":"<p>El pron\u00f3stico extendido anticipa temperaturas por encima de los 30\u00b0, pero tambi\u00e9n probabilidad de precipitaciones. El detalle.<\/p>\n","protected":false},"author":3,"featured_media":12236,"comment_status":"closed","ping_status":"closed","sticky":false,"template":"","format":"standard","meta":{"_jetpack_memberships_contains_paid_content":false,"footnotes":""},"categories":[5,1],"tags":[],"class_list":["post-39272","post","type-post","status-publish","format-standard","has-post-thumbnail","hentry","category-informacion-general","category-portada"],"jetpack_featured_media_url":"https:\/\/i0.wp.com\/cdnoticias.com\/wp-content\/uploads\/2021\/01\/portada.jpg?fit=800%2C445&ssl=1","jetpack_sharing_enabled":true,"_links":{"self":[{"href":"https:\/\/cdnoticias.com\/index.php\/wp-json\/wp\/v2\/posts\/39272","targetHints":{"allow":["GET"]}}],"collection":[{"href":"https:\/\/cdnoticias.com\/index.php\/wp-json\/wp\/v2\/posts"}],"about":[{"href":"https:\/\/cdnoticias.com\/index.php\/wp-json\/wp\/v2\/types\/post"}],"author":[{"embeddable":true,"href":"https:\/\/cdnoticias.com\/index.php\/wp-json\/wp\/v2\/users\/3"}],"replies":[{"embeddable":true,"href":"https:\/\/cdnoticias.com\/index.php\/wp-json\/wp\/v2\/comments?post=39272"}],"version-history":[{"count":0,"href":"https:\/\/cdnoticias.com\/index.php\/wp-json\/wp\/v2\/posts\/39272\/revisions"}],"wp:featuredmedia":[{"embeddable":true,"href":"https:\/\/cdnoticias.com\/index.php\/wp-json\/wp\/v2\/media\/12236"}],"wp:attachment":[{"href":"https:\/\/cdnoticias.com\/index.php\/wp-json\/wp\/v2\/media?parent=39272"}],"wp:term":[{"taxonomy":"category","embeddable":true,"href":"https:\/\/cdnoticias.com\/index.php\/wp-json\/wp\/v2\/categories?post=39272"},{"taxonomy":"post_tag","embeddable":true,"href":"https:\/\/cdnoticias.com\/index.php\/wp-json\/wp\/v2\/tags?post=39272"}],"curies":[{"name":"wp","href":"https:\/\/api.w.org\/{rel}","templated":true}]}}