{"id":39236,"date":"2021-11-20T12:48:26","date_gmt":"2021-11-20T15:48:26","guid":{"rendered":"http:\/\/www.centraldenoticias.com.ar\/?p=39236"},"modified":"2021-11-20T11:04:05","modified_gmt":"2021-11-20T14:04:05","slug":"primer-encuentro-de-cantautores-del-centro-de-la-provincia-de-buenos-aires","status":"publish","type":"post","link":"https:\/\/cdnoticias.com\/index.php\/2021\/11\/20\/primer-encuentro-de-cantautores-del-centro-de-la-provincia-de-buenos-aires\/","title":{"rendered":"Primer encuentro de cantautores del Centro de la Provincia de Buenos Aires"},"content":{"rendered":"<p>Ser\u00e1 este domingo 21 de noviembre a las 20:00 en Insurgente.<!--more--><\/p>\n<hr \/>\n<p>&nbsp;<\/p>\n<p>Se realizar\u00e1 el <strong>primer encuentro de cantautores<\/strong> del <strong>Centro de la Provincia de Buenos Aires<\/strong> el pr\u00f3ximo <strong>domingo 21 de noviembre a las 20:00 en Insurgente<\/strong>, el cual se encuentra ubicado en la calle <strong>Belgrano 3345.<\/strong><\/p>\n<p>&nbsp;<\/p>\n<p>En esta ocasi\u00f3n, los <strong>m\u00fasicos que se presentan<\/strong> son <strong>Sim\u00f3n Rojas Seibel<\/strong> (alias Piwi Red), <strong>Juan D. Fleitas y Samuel Carabajal<\/strong>. El espacio est\u00e1 destinado a <strong>fomentar y visibilizar la m\u00fasica de propia autor\u00eda de artistas.\u00a0<\/strong><\/p>\n<p>&nbsp;<\/p>\n<p>El <strong>valor de la entrada es de $300 con capacidad limitada<\/strong>. Para conseguir las entradas se pueden<strong> contactar con los artistas<\/strong> antes mencionados a trav\u00e9s de sus<strong> redes sociales.\u00a0<\/strong><\/p>\n","protected":false},"excerpt":{"rendered":"<p>Ser\u00e1 este domingo 21 de noviembre a las 20:00 en Insurgente.<\/p>\n","protected":false},"author":6,"featured_media":39237,"comment_status":"closed","ping_status":"closed","sticky":false,"template":"","format":"standard","meta":{"_jetpack_memberships_contains_paid_content":false,"footnotes":""},"categories":[9,1],"tags":[],"class_list":["post-39236","post","type-post","status-publish","format-standard","has-post-thumbnail","hentry","category-cultura","category-portada"],"jetpack_featured_media_url":"https:\/\/i0.wp.com\/cdnoticias.com\/wp-content\/uploads\/2021\/11\/28b4284b-9658-4f1e-8c76-316b4c569b21.jpg?fit=960%2C960&ssl=1","jetpack_sharing_enabled":true,"_links":{"self":[{"href":"https:\/\/cdnoticias.com\/index.php\/wp-json\/wp\/v2\/posts\/39236","targetHints":{"allow":["GET"]}}],"collection":[{"href":"https:\/\/cdnoticias.com\/index.php\/wp-json\/wp\/v2\/posts"}],"about":[{"href":"https:\/\/cdnoticias.com\/index.php\/wp-json\/wp\/v2\/types\/post"}],"author":[{"embeddable":true,"href":"https:\/\/cdnoticias.com\/index.php\/wp-json\/wp\/v2\/users\/6"}],"replies":[{"embeddable":true,"href":"https:\/\/cdnoticias.com\/index.php\/wp-json\/wp\/v2\/comments?post=39236"}],"version-history":[{"count":0,"href":"https:\/\/cdnoticias.com\/index.php\/wp-json\/wp\/v2\/posts\/39236\/revisions"}],"wp:featuredmedia":[{"embeddable":true,"href":"https:\/\/cdnoticias.com\/index.php\/wp-json\/wp\/v2\/media\/39237"}],"wp:attachment":[{"href":"https:\/\/cdnoticias.com\/index.php\/wp-json\/wp\/v2\/media?parent=39236"}],"wp:term":[{"taxonomy":"category","embeddable":true,"href":"https:\/\/cdnoticias.com\/index.php\/wp-json\/wp\/v2\/categories?post=39236"},{"taxonomy":"post_tag","embeddable":true,"href":"https:\/\/cdnoticias.com\/index.php\/wp-json\/wp\/v2\/tags?post=39236"}],"curies":[{"name":"wp","href":"https:\/\/api.w.org\/{rel}","templated":true}]}}