{"id":39205,"date":"2021-11-19T14:53:05","date_gmt":"2021-11-19T17:53:05","guid":{"rendered":"http:\/\/www.centraldenoticias.com.ar\/?p=39205"},"modified":"2021-11-19T14:53:05","modified_gmt":"2021-11-19T17:53:05","slug":"la-secundaria-16-ya-se-llama-teniente-de-navio-diego-manuel-wagner","status":"publish","type":"post","link":"https:\/\/cdnoticias.com\/index.php\/2021\/11\/19\/la-secundaria-16-ya-se-llama-teniente-de-navio-diego-manuel-wagner\/","title":{"rendered":"La Secundaria 16 ya se llama \u201cTeniente de Nav\u00edo Diego Manuel Wagner\u201d"},"content":{"rendered":"<p>En un emotivo acto, con los padres del submarinista fallecido, autoridades y la comunidad educativa, la escuela del barrio Uocra formaliz\u00f3 la imposici\u00f3n de su nombre. Galer\u00eda de im\u00e1genes.<!--more--><\/p>\n<hr \/>\n<p><strong>Este viernes por la ma\u00f1ana se llev\u00f3 adelante el acto de imposici\u00f3n de nombre para la Secundaria 16: se descubrieron los carteles y s\u00edmbolos del \u201cTeniente de Nav\u00edo Diego Manuel Wagner\u201d<\/strong>. Estuvieron los padres del submarinista fallecido, <strong>Catalina Clar y Emilio Wagner, y los dos hijos de Diego Wagner<\/strong>, <em>autoridades municipales, educativas, toda la comunidad educativa de la secundaria del barrio Uocra, integrantes de la Armada, vecinos del sector y representantes de otras entidades locales<\/em>.<\/p>\n<p>&nbsp;<\/p>\n<p>En el inicio del encuentro, el profesor Julio Colombo, quien ofici\u00f3 de conductor en el acto, cont\u00f3 la historia de la escuela, desde 2005 en que se plante\u00f3 la necesidad del establecimiento educativo, hasta la actualidad. <strong>\u201cCompartir la imposici\u00f3n de nombre es darle un reconocimiento afectivo&#8221;<\/strong> destac\u00f3.\u00a0Tras el ingreso de los abanderados, se enton\u00f3 el Himno Nacional y se agradeci\u00f3 la presencia de todos los asistentes.<\/p>\n<p>&nbsp;<\/p>\n<p><img data-recalc-dims=\"1\" loading=\"lazy\" decoding=\"async\" class=\"size-full wp-image-39208 aligncenter\" src=\"https:\/\/i0.wp.com\/cdnoticias.com\/wp-content\/uploads\/2021\/11\/secundaria16c.jpg?resize=800%2C600&#038;ssl=1\" alt=\"\" width=\"800\" height=\"600\" srcset=\"https:\/\/i0.wp.com\/cdnoticias.com\/wp-content\/uploads\/2021\/11\/secundaria16c.jpg?w=800&amp;ssl=1 800w, https:\/\/i0.wp.com\/cdnoticias.com\/wp-content\/uploads\/2021\/11\/secundaria16c.jpg?resize=300%2C225&amp;ssl=1 300w, https:\/\/i0.wp.com\/cdnoticias.com\/wp-content\/uploads\/2021\/11\/secundaria16c.jpg?resize=768%2C576&amp;ssl=1 768w\" sizes=\"auto, (max-width: 800px) 100vw, 800px\" \/><\/p>\n<p>&nbsp;<\/p>\n<p>La<strong> directora de la escuela, Raquel Gasparini,<\/strong> fue la primera en tomar la palabra y subray\u00f3 <strong>&#8220;queda impuesto el nombre Teniente de Nav\u00edo Diego Manuel Wagner&#8221;<\/strong>, tras lo cual explic\u00f3 la elecci\u00f3n del nombre. <em>\u201cEra olavarriense, hijo de esta ciudad\u201d, \u201cera humilde, sencillo, solidario, familiero\u201d, \u201cdedicado a su pasi\u00f3n, la Armada, los submarinos\u201d<\/em>, describi\u00f3 para se\u00f1alar que la intenci\u00f3n es \u201ctransmitir sus valores en el nombre de la instituci\u00f3n educativa\u201d.<\/p>\n<p>&nbsp;<\/p>\n<blockquote><p>La directora se emocion\u00f3 al se\u00f1alar las palabras de despedida de Wagner -&#8220;me voy porque tengo que cuidarlos a todos&#8221;- y destac\u00f3 que todos los submarinistas fallecidos \u201cson h\u00e9roes de la patria\u201d. A su vez, les dio un mensaje a los padres, Emilio y Catalina: &#8220;son un ejemplo a seguir&#8221; y agradeci\u00f3 su predisposici\u00f3n para trabajar y colaborar con la escuela.<\/p><\/blockquote>\n<p>&nbsp;<\/p>\n<p>Por \u00faltimo, hizo referencia a un <strong>proyecto institucional de tener un museo con los recuerdos de Diego Wagner y los submarinistas<\/strong>.<\/p>\n<p>&nbsp;<\/p>\n<p><img data-recalc-dims=\"1\" loading=\"lazy\" decoding=\"async\" class=\"size-full wp-image-39207 aligncenter\" src=\"https:\/\/i0.wp.com\/cdnoticias.com\/wp-content\/uploads\/2021\/11\/secundaria16b.jpg?resize=800%2C445&#038;ssl=1\" alt=\"\" width=\"800\" height=\"445\" srcset=\"https:\/\/i0.wp.com\/cdnoticias.com\/wp-content\/uploads\/2021\/11\/secundaria16b.jpg?w=800&amp;ssl=1 800w, https:\/\/i0.wp.com\/cdnoticias.com\/wp-content\/uploads\/2021\/11\/secundaria16b.jpg?resize=300%2C167&amp;ssl=1 300w, https:\/\/i0.wp.com\/cdnoticias.com\/wp-content\/uploads\/2021\/11\/secundaria16b.jpg?resize=768%2C427&amp;ssl=1 768w\" sizes=\"auto, (max-width: 800px) 100vw, 800px\" \/><\/p>\n<p>&nbsp;<\/p>\n<p>Tambi\u00e9n ofreci\u00f3 un discurso la <strong>bibliotecaria Patricia Soll\u00e9<\/strong>, quien dio un mensaje en nombre de la familia Wagner \u2013 Clar en el que resalt\u00f3 la importancia de la educaci\u00f3n para Diego Wagner.<\/p>\n<p>&nbsp;<\/p>\n<p>El <strong>inspector de nivel secundario, Mario Fern\u00e1ndez<\/strong>, tambi\u00e9n fue invitado a decir unas palabras. Tambi\u00e9n record\u00f3 distintas instancias importantes de la trayectoria de la escuela secundaria 16 a la que defini\u00f3 como &#8220;es un camino de mucha emoci\u00f3n&#8221;.<\/p>\n<p>&nbsp;<\/p>\n<p>Tras los discursos, el presidente del Concejo Deliberante, Bruno Cenizo, Catalina Clar y Emilio Wagner; sus hijos; los representantes de la Armada y la directora Gasparini <strong>descubrieron la carteler\u00eda en el frente del edificio primero, y en el hall de acceso despu\u00e9s<\/strong>, con la imposici\u00f3n del nombre.<\/p>\n<p>&nbsp;<\/p>\n<p><img data-recalc-dims=\"1\" loading=\"lazy\" decoding=\"async\" class=\"size-full wp-image-39209 aligncenter\" src=\"https:\/\/i0.wp.com\/cdnoticias.com\/wp-content\/uploads\/2021\/11\/secundaria16d.jpg?resize=800%2C445&#038;ssl=1\" alt=\"\" width=\"800\" height=\"445\" srcset=\"https:\/\/i0.wp.com\/cdnoticias.com\/wp-content\/uploads\/2021\/11\/secundaria16d.jpg?w=800&amp;ssl=1 800w, https:\/\/i0.wp.com\/cdnoticias.com\/wp-content\/uploads\/2021\/11\/secundaria16d.jpg?resize=300%2C167&amp;ssl=1 300w, https:\/\/i0.wp.com\/cdnoticias.com\/wp-content\/uploads\/2021\/11\/secundaria16d.jpg?resize=768%2C427&amp;ssl=1 768w\" sizes=\"auto, (max-width: 800px) 100vw, 800px\" \/><\/p>\n<p>&nbsp;<\/p>\n<p>Con ello finaliz\u00f3 el acto formal. Luego la Escuela Secundaria 16<strong> entreg\u00f3 reconocimientos y presentes<\/strong> a los familiares de Diego Wagner y tambi\u00e9n Catalina y Emilio entregaron un reconocimiento y presente al estudiante Manuel Gonz\u00e1lez y a las profesoras de Arte, quienes dise\u00f1aron un mural que se pintar\u00e1 dentro del establecimiento.<\/p>\n<p>&nbsp;<\/p>\n<p>En el cierre del encuentro, <strong>los alumnos de primer a\u00f1o cantaron \u201cSecreto en el mar\u201d<\/strong>, una canci\u00f3n compuesta en homenaje a los submarinistas fallecidos en el ARA San Juan.<\/p>\n<p>&nbsp;<\/p>\n<p>En el acto desarrollado en la Escuela Secundaria 16 estuvieron el presidente del HCD, Bruno Cenizo, consejeros escolares, concejales, inspectores de Educaci\u00f3n Secundaria, directores de escuelas, integrantes de la Agrupaci\u00f3n Veteranos de Guerra \u201c2 de abril\u201d y una comitiva de la Armada compuesta por el director de la Escuela De Submarinos, Capit\u00e1n de Fragata Walter Tigero, el jefe de Comunicaciones Capit\u00e1n de Corbeta Sergio Daniel Jara, el Suboficial de la Escuela de Submarinos suboficial mayor Claudio Marcelo Torres, y la Cabo Primero Susana Ver\u00f3nica Mart\u00ednez.<\/p>\n<p>&nbsp;<\/p>\n<p>[soliloquy id=&#8221;39230&#8243;]<\/p>\n<p>&nbsp;<\/p>\n<p>No estuvieron presentes y enviaron notas de adhesi\u00f3n la jefa Regional de Educaci\u00f3n, M\u00f3nica Wagner, y el jefe Distrital de Educaci\u00f3n, Julio Ben\u00edtez.<\/p>\n<p>&nbsp;<\/p>\n<p>Cabe recordar que el submarino clase TR-1700 perdi\u00f3 contacto con la Armada a las 7.19 del mi\u00e9rcoles 15 de noviembre de 2017. Llevaba 44 tripulantes. Fue hallado el 17 de noviembre de 2018 a la altura del Golfo de San Jorge, a 597 kil\u00f3metros de Comodoro Rivadavia.<\/p>\n","protected":false},"excerpt":{"rendered":"<p>En un emotivo acto, con los padres del submarinista fallecido, autoridades y la comunidad educativa, la escuela del barrio Uocra<\/p>\n","protected":false},"author":4,"featured_media":39206,"comment_status":"closed","ping_status":"closed","sticky":false,"template":"","format":"standard","meta":{"_jetpack_memberships_contains_paid_content":false,"footnotes":""},"categories":[5,1],"tags":[],"class_list":["post-39205","post","type-post","status-publish","format-standard","has-post-thumbnail","hentry","category-informacion-general","category-portada"],"jetpack_featured_media_url":"https:\/\/i0.wp.com\/cdnoticias.com\/wp-content\/uploads\/2021\/11\/secundaria16a.jpg?fit=800%2C445&ssl=1","jetpack_sharing_enabled":true,"_links":{"self":[{"href":"https:\/\/cdnoticias.com\/index.php\/wp-json\/wp\/v2\/posts\/39205","targetHints":{"allow":["GET"]}}],"collection":[{"href":"https:\/\/cdnoticias.com\/index.php\/wp-json\/wp\/v2\/posts"}],"about":[{"href":"https:\/\/cdnoticias.com\/index.php\/wp-json\/wp\/v2\/types\/post"}],"author":[{"embeddable":true,"href":"https:\/\/cdnoticias.com\/index.php\/wp-json\/wp\/v2\/users\/4"}],"replies":[{"embeddable":true,"href":"https:\/\/cdnoticias.com\/index.php\/wp-json\/wp\/v2\/comments?post=39205"}],"version-history":[{"count":0,"href":"https:\/\/cdnoticias.com\/index.php\/wp-json\/wp\/v2\/posts\/39205\/revisions"}],"wp:featuredmedia":[{"embeddable":true,"href":"https:\/\/cdnoticias.com\/index.php\/wp-json\/wp\/v2\/media\/39206"}],"wp:attachment":[{"href":"https:\/\/cdnoticias.com\/index.php\/wp-json\/wp\/v2\/media?parent=39205"}],"wp:term":[{"taxonomy":"category","embeddable":true,"href":"https:\/\/cdnoticias.com\/index.php\/wp-json\/wp\/v2\/categories?post=39205"},{"taxonomy":"post_tag","embeddable":true,"href":"https:\/\/cdnoticias.com\/index.php\/wp-json\/wp\/v2\/tags?post=39205"}],"curies":[{"name":"wp","href":"https:\/\/api.w.org\/{rel}","templated":true}]}}