{"id":39173,"date":"2021-11-19T13:00:11","date_gmt":"2021-11-19T16:00:11","guid":{"rendered":"http:\/\/www.centraldenoticias.com.ar\/?p=39173"},"modified":"2021-11-19T13:54:35","modified_gmt":"2021-11-19T16:54:35","slug":"protesta-y-audiencia-en-el-ministerio-de-trabajo-por-el-despedido-del-relleno-sanitario","status":"publish","type":"post","link":"https:\/\/cdnoticias.com\/index.php\/2021\/11\/19\/protesta-y-audiencia-en-el-ministerio-de-trabajo-por-el-despedido-del-relleno-sanitario\/","title":{"rendered":"Protesta y audiencia en el Ministerio de Trabajo por el despedido del relleno sanitario"},"content":{"rendered":"<p>Minutos despu\u00e9s de las 12 comenz\u00f3 la audiencia. Finalmente, asisti\u00f3 un representante por el Sindicato de Camioneros. Hubo unos 70 manifestantes.<!--more--><\/p>\n<hr \/>\n<p><strong>En calle Coronel Su\u00e1rez, frente a la sede del Ministerio de Trabajo provincial se desarroll\u00f3 una protesta a la espera de la audiencia por el despedido del trabajador del relleno sanitario<\/strong> en el marco de la <a href=\"https:\/\/cdnoticias.com\/index.php\/2021\/11\/18\/el-frente-de-todos-pedira-un-informe-sobre-la-contaminacion-del-arroyo-tapalque\/\" target=\"_blank\" rel=\"noopener\">denuncia p\u00fablica de Transporte Malvinas por \u201cdesv\u00edo de l\u00edquidos lixiviados\u201d hacia el arroyo<\/a>.<\/p>\n<p>&nbsp;<\/p>\n<p><strong>El reclamo cont\u00f3 con unos 70 asistentes entre quienes se contaban los trabajadores del relleno<\/strong> y se sumaron concejales, entre ellos <em>Juan S\u00e1nchez<\/em> \u2013quien adem\u00e1s es ex delegado del Ministerio de Trabajo-, <em>Ubaldo Garc\u00eda y Guillermo Santell\u00e1n<\/em> (Frente de Todos), y la representante del Partido Obrero local<em> Yessica Almeida<\/em>. A su vez, se presentaron <em>otros dirigentes sindicales<\/em>, entre ellos <em>Oscar Garay (Soeco) y Miguel Arena (Seguridad Privada).<\/em><\/p>\n<p>&nbsp;<\/p>\n<p><img data-recalc-dims=\"1\" loading=\"lazy\" decoding=\"async\" class=\"size-large wp-image-39178 aligncenter\" src=\"https:\/\/i0.wp.com\/cdnoticias.com\/wp-content\/uploads\/2021\/11\/protesta-camioneros-relleno-sanitario-03.jpg?resize=800%2C445&#038;ssl=1\" alt=\"\" width=\"800\" height=\"445\" srcset=\"https:\/\/i0.wp.com\/cdnoticias.com\/wp-content\/uploads\/2021\/11\/protesta-camioneros-relleno-sanitario-03.jpg?resize=1024%2C569&amp;ssl=1 1024w, https:\/\/i0.wp.com\/cdnoticias.com\/wp-content\/uploads\/2021\/11\/protesta-camioneros-relleno-sanitario-03.jpg?resize=300%2C167&amp;ssl=1 300w, https:\/\/i0.wp.com\/cdnoticias.com\/wp-content\/uploads\/2021\/11\/protesta-camioneros-relleno-sanitario-03.jpg?resize=768%2C427&amp;ssl=1 768w, https:\/\/i0.wp.com\/cdnoticias.com\/wp-content\/uploads\/2021\/11\/protesta-camioneros-relleno-sanitario-03.jpg?resize=800%2C445&amp;ssl=1 800w, https:\/\/i0.wp.com\/cdnoticias.com\/wp-content\/uploads\/2021\/11\/protesta-camioneros-relleno-sanitario-03.jpg?w=1152&amp;ssl=1 1152w\" sizes=\"auto, (max-width: 800px) 100vw, 800px\" \/><\/p>\n<p><img data-recalc-dims=\"1\" loading=\"lazy\" decoding=\"async\" class=\"size-large wp-image-39175 aligncenter\" src=\"https:\/\/i0.wp.com\/cdnoticias.com\/wp-content\/uploads\/2021\/11\/protesta-camioneros-relleno-sanitario-00.jpg?resize=800%2C445&#038;ssl=1\" alt=\"\" width=\"800\" height=\"445\" srcset=\"https:\/\/i0.wp.com\/cdnoticias.com\/wp-content\/uploads\/2021\/11\/protesta-camioneros-relleno-sanitario-00.jpg?resize=1024%2C569&amp;ssl=1 1024w, https:\/\/i0.wp.com\/cdnoticias.com\/wp-content\/uploads\/2021\/11\/protesta-camioneros-relleno-sanitario-00.jpg?resize=300%2C167&amp;ssl=1 300w, https:\/\/i0.wp.com\/cdnoticias.com\/wp-content\/uploads\/2021\/11\/protesta-camioneros-relleno-sanitario-00.jpg?resize=768%2C427&amp;ssl=1 768w, https:\/\/i0.wp.com\/cdnoticias.com\/wp-content\/uploads\/2021\/11\/protesta-camioneros-relleno-sanitario-00.jpg?resize=800%2C445&amp;ssl=1 800w, https:\/\/i0.wp.com\/cdnoticias.com\/wp-content\/uploads\/2021\/11\/protesta-camioneros-relleno-sanitario-00.jpg?w=1152&amp;ssl=1 1152w\" sizes=\"auto, (max-width: 800px) 100vw, 800px\" \/><\/p>\n<p>&nbsp;<\/p>\n<p><strong>Minutos despu\u00e9s de las 12 comenz\u00f3 la audiencia en la delegaci\u00f3n local de Trabajo<\/strong>. Ingres\u00f3 el concejal Juan S\u00e1nchez, y representantes de las partes. <a href=\"https:\/\/cdnoticias.com\/index.php\/2021\/11\/19\/despido-en-el-relleno-sanitario-el-sindicato-de-camioneros-no-acompana-el-reclamo\/\" target=\"_blank\" rel=\"noopener\">Si bien el secretario general de Camioneros, C\u00e9sar Vicente, adelant\u00f3 este mismo viernes que el sindicato no apoya el reclamo,<\/a> estuvo el representante legal de la entidad, Germ\u00e1n Aramburu.<\/p>\n<p>&nbsp;<\/p>\n<blockquote><p>Los trabajadores que se manifestaron afuera del edificio pidieron la reincorporaci\u00f3n del trabajador despedido y tambi\u00e9n cuestionaron duramente la postura de Vicente. \u201cQui\u00e9n nos defiende?\u201d y \u201cVicente traidor\u201d fueron los mensajes que expresaron a trav\u00e9s de c\u00e1nticos y carteles.<\/p><\/blockquote>\n<p>&nbsp;<\/p>\n<p><strong>Entre los trabajadores se dej\u00f3 saber que no descartan una medida de fuerza<\/strong> de al menos uno de los sectores que se desempe\u00f1an en la concesi\u00f3n de la recolecci\u00f3n y tratamiento de residuos urbanos, en funci\u00f3n del resultado de la audiencia. Vicente expuso que, justamente, s\u00f3lo uno de los delegados impulsa el reclamo, el resto lo rechaza, y en esa l\u00ednea el sindicato no avalar\u00eda un eventual paro.<\/p>\n<p>&nbsp;<\/p>\n<p><img data-recalc-dims=\"1\" loading=\"lazy\" decoding=\"async\" class=\"size-large wp-image-39177 aligncenter\" src=\"https:\/\/i0.wp.com\/cdnoticias.com\/wp-content\/uploads\/2021\/11\/protesta-camioneros-relleno-sanitario-02.jpg?resize=800%2C445&#038;ssl=1\" alt=\"\" width=\"800\" height=\"445\" srcset=\"https:\/\/i0.wp.com\/cdnoticias.com\/wp-content\/uploads\/2021\/11\/protesta-camioneros-relleno-sanitario-02.jpg?resize=1024%2C569&amp;ssl=1 1024w, https:\/\/i0.wp.com\/cdnoticias.com\/wp-content\/uploads\/2021\/11\/protesta-camioneros-relleno-sanitario-02.jpg?resize=300%2C167&amp;ssl=1 300w, https:\/\/i0.wp.com\/cdnoticias.com\/wp-content\/uploads\/2021\/11\/protesta-camioneros-relleno-sanitario-02.jpg?resize=768%2C427&amp;ssl=1 768w, https:\/\/i0.wp.com\/cdnoticias.com\/wp-content\/uploads\/2021\/11\/protesta-camioneros-relleno-sanitario-02.jpg?resize=800%2C445&amp;ssl=1 800w, https:\/\/i0.wp.com\/cdnoticias.com\/wp-content\/uploads\/2021\/11\/protesta-camioneros-relleno-sanitario-02.jpg?w=1152&amp;ssl=1 1152w\" sizes=\"auto, (max-width: 800px) 100vw, 800px\" \/><\/p>\n<p><img data-recalc-dims=\"1\" loading=\"lazy\" decoding=\"async\" class=\"size-large wp-image-39176 aligncenter\" src=\"https:\/\/i0.wp.com\/cdnoticias.com\/wp-content\/uploads\/2021\/11\/protesta-camioneros-relleno-sanitario-01.jpg?resize=800%2C445&#038;ssl=1\" alt=\"\" width=\"800\" height=\"445\" srcset=\"https:\/\/i0.wp.com\/cdnoticias.com\/wp-content\/uploads\/2021\/11\/protesta-camioneros-relleno-sanitario-01.jpg?resize=1024%2C570&amp;ssl=1 1024w, https:\/\/i0.wp.com\/cdnoticias.com\/wp-content\/uploads\/2021\/11\/protesta-camioneros-relleno-sanitario-01.jpg?resize=300%2C167&amp;ssl=1 300w, https:\/\/i0.wp.com\/cdnoticias.com\/wp-content\/uploads\/2021\/11\/protesta-camioneros-relleno-sanitario-01.jpg?resize=768%2C427&amp;ssl=1 768w, https:\/\/i0.wp.com\/cdnoticias.com\/wp-content\/uploads\/2021\/11\/protesta-camioneros-relleno-sanitario-01.jpg?resize=800%2C445&amp;ssl=1 800w, https:\/\/i0.wp.com\/cdnoticias.com\/wp-content\/uploads\/2021\/11\/protesta-camioneros-relleno-sanitario-01.jpg?w=1152&amp;ssl=1 1152w\" sizes=\"auto, (max-width: 800px) 100vw, 800px\" \/><\/p>\n","protected":false},"excerpt":{"rendered":"<p>Minutos despu\u00e9s de las 12 comenz\u00f3 la audiencia. Finalmente, asisti\u00f3 un representante por el Sindicato de Camioneros. Hubo unos 70<\/p>\n","protected":false},"author":4,"featured_media":39174,"comment_status":"closed","ping_status":"closed","sticky":false,"template":"","format":"standard","meta":{"_jetpack_memberships_contains_paid_content":false,"footnotes":""},"categories":[5,1],"tags":[],"class_list":["post-39173","post","type-post","status-publish","format-standard","has-post-thumbnail","hentry","category-informacion-general","category-portada"],"jetpack_featured_media_url":"https:\/\/i0.wp.com\/cdnoticias.com\/wp-content\/uploads\/2021\/11\/protesta-camioneros-relleno-sanitario-000.jpg?fit=1152%2C640&ssl=1","jetpack_sharing_enabled":true,"_links":{"self":[{"href":"https:\/\/cdnoticias.com\/index.php\/wp-json\/wp\/v2\/posts\/39173","targetHints":{"allow":["GET"]}}],"collection":[{"href":"https:\/\/cdnoticias.com\/index.php\/wp-json\/wp\/v2\/posts"}],"about":[{"href":"https:\/\/cdnoticias.com\/index.php\/wp-json\/wp\/v2\/types\/post"}],"author":[{"embeddable":true,"href":"https:\/\/cdnoticias.com\/index.php\/wp-json\/wp\/v2\/users\/4"}],"replies":[{"embeddable":true,"href":"https:\/\/cdnoticias.com\/index.php\/wp-json\/wp\/v2\/comments?post=39173"}],"version-history":[{"count":0,"href":"https:\/\/cdnoticias.com\/index.php\/wp-json\/wp\/v2\/posts\/39173\/revisions"}],"wp:featuredmedia":[{"embeddable":true,"href":"https:\/\/cdnoticias.com\/index.php\/wp-json\/wp\/v2\/media\/39174"}],"wp:attachment":[{"href":"https:\/\/cdnoticias.com\/index.php\/wp-json\/wp\/v2\/media?parent=39173"}],"wp:term":[{"taxonomy":"category","embeddable":true,"href":"https:\/\/cdnoticias.com\/index.php\/wp-json\/wp\/v2\/categories?post=39173"},{"taxonomy":"post_tag","embeddable":true,"href":"https:\/\/cdnoticias.com\/index.php\/wp-json\/wp\/v2\/tags?post=39173"}],"curies":[{"name":"wp","href":"https:\/\/api.w.org\/{rel}","templated":true}]}}