{"id":39156,"date":"2021-11-19T08:27:15","date_gmt":"2021-11-19T11:27:15","guid":{"rendered":"http:\/\/www.centraldenoticias.com.ar\/?p=39156"},"modified":"2021-11-19T10:06:36","modified_gmt":"2021-11-19T13:06:36","slug":"robo-de-moto-en-barrio-pueblo-nuevo-la-recuperaron-a-cuatro-cuadras","status":"publish","type":"post","link":"https:\/\/cdnoticias.com\/index.php\/2021\/11\/19\/robo-de-moto-en-barrio-pueblo-nuevo-la-recuperaron-a-cuatro-cuadras\/","title":{"rendered":"Robo de moto en barrio Pueblo Nuevo: la recuperaron a cuatro cuadras"},"content":{"rendered":"<p>Ocurri\u00f3 en las \u00faltimas horas. Un adolescente de 16 a\u00f1os fue aprehendido en Chacabuco y Belgrano.<!--more--><\/p>\n<hr \/>\n<p>En las \u00faltimas horas, <strong>una moto fue robada en el barrio Pueblo Nuevo de Olavarr\u00eda y fue recuperada poco despu\u00e9s a cuatro cuadras<\/strong> del lugar del hecho.<\/p>\n<p>&nbsp;<\/p>\n<p>Se pudo saber que <strong>en calle Chacabuco y Belgrano fue aprehendido un adolescente de 16 a\u00f1os<\/strong> a quien se acus\u00f3 de haber robado una moto marca Nevada modelo 125 cc de color azul de un domicilio ubicado en calle <strong>Cerrito al 2600<\/strong>.<\/p>\n<p>&nbsp;<\/p>\n<p>Intervinieron efectivos del Comando de Patrullas Olavarr\u00eda con colaboraci\u00f3n de personal de la Comisaria Primera que<strong> secuestraron la moto<\/strong>.<\/p>\n<p>&nbsp;<\/p>\n<p>El acusado fue trasladado a la seccional Primera. Se iniciaron actuaciones por <strong>\u201churto ciclomotor in fraganti delito\u201d<\/strong> con intervenci\u00f3n de la UFI N\u00b0 23 del Fuero de Responsabilidad Penal Juvenil que encabeza el fiscal Miguel Pi\u00f1eiro.<\/p>\n","protected":false},"excerpt":{"rendered":"<p>Ocurri\u00f3 en las \u00faltimas horas. Un adolescente de 16 a\u00f1os fue aprehendido en Chacabuco y Belgrano.<\/p>\n","protected":false},"author":4,"featured_media":39157,"comment_status":"closed","ping_status":"closed","sticky":false,"template":"","format":"standard","meta":{"_jetpack_memberships_contains_paid_content":false,"footnotes":""},"categories":[14,1],"tags":[],"class_list":["post-39156","post","type-post","status-publish","format-standard","has-post-thumbnail","hentry","category-policiales","category-portada"],"jetpack_featured_media_url":"https:\/\/i0.wp.com\/cdnoticias.com\/wp-content\/uploads\/2021\/11\/moto-robada-pueblo-nuevo.jpeg?fit=1280%2C720&ssl=1","jetpack_sharing_enabled":true,"_links":{"self":[{"href":"https:\/\/cdnoticias.com\/index.php\/wp-json\/wp\/v2\/posts\/39156","targetHints":{"allow":["GET"]}}],"collection":[{"href":"https:\/\/cdnoticias.com\/index.php\/wp-json\/wp\/v2\/posts"}],"about":[{"href":"https:\/\/cdnoticias.com\/index.php\/wp-json\/wp\/v2\/types\/post"}],"author":[{"embeddable":true,"href":"https:\/\/cdnoticias.com\/index.php\/wp-json\/wp\/v2\/users\/4"}],"replies":[{"embeddable":true,"href":"https:\/\/cdnoticias.com\/index.php\/wp-json\/wp\/v2\/comments?post=39156"}],"version-history":[{"count":0,"href":"https:\/\/cdnoticias.com\/index.php\/wp-json\/wp\/v2\/posts\/39156\/revisions"}],"wp:featuredmedia":[{"embeddable":true,"href":"https:\/\/cdnoticias.com\/index.php\/wp-json\/wp\/v2\/media\/39157"}],"wp:attachment":[{"href":"https:\/\/cdnoticias.com\/index.php\/wp-json\/wp\/v2\/media?parent=39156"}],"wp:term":[{"taxonomy":"category","embeddable":true,"href":"https:\/\/cdnoticias.com\/index.php\/wp-json\/wp\/v2\/categories?post=39156"},{"taxonomy":"post_tag","embeddable":true,"href":"https:\/\/cdnoticias.com\/index.php\/wp-json\/wp\/v2\/tags?post=39156"}],"curies":[{"name":"wp","href":"https:\/\/api.w.org\/{rel}","templated":true}]}}