{"id":39114,"date":"2021-11-18T15:20:10","date_gmt":"2021-11-18T18:20:10","guid":{"rendered":"http:\/\/www.centraldenoticias.com.ar\/?p=39114"},"modified":"2021-11-18T18:17:41","modified_gmt":"2021-11-18T21:17:41","slug":"un-corte-en-el-suministro-electrico-afectara-la-zona-del-zalo-y-del-sipg","status":"publish","type":"post","link":"https:\/\/cdnoticias.com\/index.php\/2021\/11\/18\/un-corte-en-el-suministro-electrico-afectara-la-zona-del-zalo-y-del-sipg\/","title":{"rendered":"Un corte en el suministro el\u00e9ctrico afectar\u00e1 la zona del ZALO y del SIPG"},"content":{"rendered":"<p>Ser\u00e1 durante la ma\u00f1ana de este viernes, debido a tareas de mantenimiento desde Coopelectric.<!--more--><\/p>\n<hr \/>\n<p>En el inicio de la ma\u00f1ana de este viernes un corte en el suministro el\u00e9ctrico afectar\u00e1 durante dos horas el sector comprendido entre las calles <strong>La Rioja, 130, 118 y avenida Urquiza<\/strong>. <strong>Se trata del sitio donde se encuentran emplazados el ZALO, la Zona de Log\u00edstica y Servicio de Olavarr\u00eda; y el SIPG, Sector Industrial Planificado de Granos.<\/strong><\/p>\n<p>&nbsp;<\/p>\n<p><img data-recalc-dims=\"1\" loading=\"lazy\" decoding=\"async\" class=\"alignnone size-full wp-image-39115\" src=\"https:\/\/i0.wp.com\/cdnoticias.com\/wp-content\/uploads\/2021\/11\/SIPG.jpg?resize=800%2C445&#038;ssl=1\" alt=\"\" width=\"800\" height=\"445\" srcset=\"https:\/\/i0.wp.com\/cdnoticias.com\/wp-content\/uploads\/2021\/11\/SIPG.jpg?w=800&amp;ssl=1 800w, https:\/\/i0.wp.com\/cdnoticias.com\/wp-content\/uploads\/2021\/11\/SIPG.jpg?resize=300%2C167&amp;ssl=1 300w, https:\/\/i0.wp.com\/cdnoticias.com\/wp-content\/uploads\/2021\/11\/SIPG.jpg?resize=768%2C427&amp;ssl=1 768w\" sizes=\"auto, (max-width: 800px) 100vw, 800px\" \/><\/p>\n<p>&nbsp;<\/p>\n<p>De acuerdo con lo que se detall\u00f3 desde Coopelectric, el corte ser\u00e1<strong> desde las 6:30 a las 8:30<\/strong>, debido a la realizaci\u00f3n de tareas de mantenimiento.<\/p>\n","protected":false},"excerpt":{"rendered":"<p>Ser\u00e1 durante la ma\u00f1ana de este viernes, debido a tareas de mantenimiento desde Coopelectric.<\/p>\n","protected":false},"author":4,"featured_media":39116,"comment_status":"closed","ping_status":"closed","sticky":false,"template":"","format":"standard","meta":{"_jetpack_memberships_contains_paid_content":false,"footnotes":""},"categories":[5],"tags":[],"class_list":["post-39114","post","type-post","status-publish","format-standard","has-post-thumbnail","hentry","category-informacion-general"],"jetpack_featured_media_url":"https:\/\/i0.wp.com\/cdnoticias.com\/wp-content\/uploads\/2021\/11\/Zalo.jpg?fit=800%2C445&ssl=1","jetpack_sharing_enabled":true,"_links":{"self":[{"href":"https:\/\/cdnoticias.com\/index.php\/wp-json\/wp\/v2\/posts\/39114","targetHints":{"allow":["GET"]}}],"collection":[{"href":"https:\/\/cdnoticias.com\/index.php\/wp-json\/wp\/v2\/posts"}],"about":[{"href":"https:\/\/cdnoticias.com\/index.php\/wp-json\/wp\/v2\/types\/post"}],"author":[{"embeddable":true,"href":"https:\/\/cdnoticias.com\/index.php\/wp-json\/wp\/v2\/users\/4"}],"replies":[{"embeddable":true,"href":"https:\/\/cdnoticias.com\/index.php\/wp-json\/wp\/v2\/comments?post=39114"}],"version-history":[{"count":0,"href":"https:\/\/cdnoticias.com\/index.php\/wp-json\/wp\/v2\/posts\/39114\/revisions"}],"wp:featuredmedia":[{"embeddable":true,"href":"https:\/\/cdnoticias.com\/index.php\/wp-json\/wp\/v2\/media\/39116"}],"wp:attachment":[{"href":"https:\/\/cdnoticias.com\/index.php\/wp-json\/wp\/v2\/media?parent=39114"}],"wp:term":[{"taxonomy":"category","embeddable":true,"href":"https:\/\/cdnoticias.com\/index.php\/wp-json\/wp\/v2\/categories?post=39114"},{"taxonomy":"post_tag","embeddable":true,"href":"https:\/\/cdnoticias.com\/index.php\/wp-json\/wp\/v2\/tags?post=39114"}],"curies":[{"name":"wp","href":"https:\/\/api.w.org\/{rel}","templated":true}]}}